{"id":8762,"date":"2023-05-03T17:05:03","date_gmt":"2023-05-03T17:05:03","guid":{"rendered":"https:\/\/faculdadeunibras.com.br\/catalao\/?p=8762"},"modified":"2023-11-20T13:00:43","modified_gmt":"2023-11-20T13:00:43","slug":"edital-1o-simposio-estadual-de-ciencias-criminais-e-direitos-humanos","status":"publish","type":"post","link":"https:\/\/faculdadeunibras.com.br\/catalao\/edital-1o-simposio-estadual-de-ciencias-criminais-e-direitos-humanos\/","title":{"rendered":"Edital &#8211; 1\u00ba Simp\u00f3sio Estadual de Ci\u00eancias Criminais e Direitos Humanos"},"content":{"rendered":"<p>A organiza\u00e7\u00e3o do evento, convida a todos para o\u00a0<strong>I Simp\u00f3sio Estadual de Ci\u00eancias Criminais e Direitos Humanos<\/strong>, que ocorrer\u00e1 nos dias 16, 17 e 18 de setembro de 2020, de forma online.<br \/>\nO objetivo do evento \u00e9 abordar as mudan\u00e7as ocorridas no entendimento e na aplica\u00e7\u00e3o das Ci\u00eancias Criminais e\/ou dos Direitos Humanos.<br \/>\nAs\u00a0\u00a0\u00a0\u00a0\u00a0\u00a0\u00a0\u00a0\u00a0\u00a0\u00a0\u00a0\u00a0 inscri\u00e7\u00f5es\u00a0\u00a0\u00a0\u00a0\u00a0\u00a0\u00a0\u00a0\u00a0\u00a0\u00a0\u00a0\u00a0 ser\u00e3o\u00a0\u00a0\u00a0\u00a0\u00a0\u00a0\u00a0\u00a0\u00a0\u00a0\u00a0\u00a0\u00a0 realizadas\u00a0\u00a0\u00a0\u00a0\u00a0\u00a0\u00a0\u00a0\u00a0\u00a0\u00a0\u00a0\u00a0 via\u00a0\u00a0\u00a0\u00a0\u00a0\u00a0\u00a0\u00a0\u00a0\u00a0\u00a0\u00a0\u00a0 plataforma:\u00a0<a href=\"https:\/\/www.even3.com.br\/simposioeccdh\" target=\"_blank\" rel=\"noopener\">https:\/\/www.even3.com.br\/simposioeccdh<\/a>,\u00a0 \u00a0at\u00e9\u00a0 \u00a0o\u00a0 \u00a0dia\u00a0 \u00a015\u00a0 \u00a0de\u00a0 \u00a0setembro,\u00a0 \u00a0nas seguintes categorias:<\/p>\n<ol>\n<li>Inscri\u00e7\u00e3o para\u00a0 \u00a0participa\u00e7\u00e3o\u00a0 \u00a0como\u00a0 \u00a0ouvinte,\u00a0 \u00a0com\u00a0 \u00a0certificado\u00a0 \u00a0de\u00a0 \u00a012 horas,\u00a0 \u00a0caso\u00a0 \u00a0esteja\u00a0 \u00a0presente\u00a0 \u00a0em\u00a0 \u00a0todas\u00a0\u00a0 \u00a0as\u00a0\u00a0 \u00a0palestras\u00a0\u00a0 \u00a0ou\u00a0\u00a0 \u00a0de\u00a0\u00a0 \u00a0forma proporcional de acordo com a presen\u00e7a em cada palestra;<\/li>\n<li>Submiss\u00e3o para apresenta\u00e7\u00e3o de\u00a0\u00a0 Resumos,\u00a0\u00a0 com\u00a0\u00a0 certificado\u00a0\u00a0 de\u00a0\u00a0 4 horas;<\/li>\n<\/ol>\n<p><strong>PROGRAMA\u00c7\u00c3O<\/strong><\/p>\n<p>Das 19:00 \u00e0s 22:00<br \/>\nDia 16\/09 \u2013 Palestra de Abertura:<br \/>\nDr.\u00a0\u00a0\u00a0 Jaime\u00a0\u00a0\u00a0 Meira\u00a0\u00a0\u00a0 do\u00a0\u00a0\u00a0 Nascimento\u00a0\u00a0\u00a0 Junior\u00a0\u00a0\u00a0 &#8211;\u00a0\u00a0\u00a0\u00a0<strong>Sa\u00fade\u00a0\u00a0\u00a0 e\u00a0\u00a0\u00a0 Direitos\u00a0\u00a0\u00a0 Humanos\u00a0\u00a0\u00a0 no Contexto da Pandemia<\/strong><br \/>\nDra.\u00a0\u00a0\u00a0\u00a0\u00a0 Lissandra\u00a0\u00a0\u00a0\u00a0 Espinosa\u00a0\u00a0\u00a0\u00a0 de\u00a0\u00a0\u00a0\u00a0\u00a0 Mello\u00a0\u00a0\u00a0\u00a0\u00a0 Aguirre\u00a0\u00a0\u00a0\u00a0\u00a0 &#8211;\u00a0\u00a0\u00a0\u00a0\u00a0\u00a0<strong>Lit\u00edgio\u00a0\u00a0\u00a0\u00a0\u00a0 Estrat\u00e9gico\u00a0\u00a0\u00a0\u00a0\u00a0 em Direitos Humanos<\/strong><\/p>\n<p>Dia 17\/09 \u2013 Palestrantes:<br \/>\nDr. Jorge da Silva Giulian \u2013\u00a0<strong>Criminologia e Seguran\u00e7a P\u00fablica<\/strong><br \/>\nDra.\u00a0\u00a0\u00a0 Bartira\u00a0\u00a0\u00a0 Macedo\u00a0\u00a0\u00a0 de\u00a0\u00a0\u00a0 Miranda\u00a0\u00a0\u00a0 Santos\u00a0\u00a0\u00a0 &#8211;\u00a0\u00a0\u00a0\u00a0<strong>Direitos\u00a0\u00a0\u00a0 Humanos\u00a0\u00a0\u00a0 nas\u00a0\u00a0\u00a0 Ci\u00eancias Criminais<\/strong><\/p>\n<p>Dia 18\/09 \u2013 Palestrantes:<br \/>\nDr.\u00a0\u00a0\u00a0 Jos\u00e9\u00a0\u00a0 Luis\u00a0\u00a0 Solazzi\u00a0\u00a0 &#8211;\u00a0\u00a0\u00a0\u00a0<strong>Da\u00a0\u00a0 Criminologia\u00a0\u00a0\u00a0 Cr\u00edtica\u00a0\u00a0\u00a0 ao\u00a0\u00a0\u00a0 Abolicionismo\u00a0\u00a0\u00a0 Penal\u00a0\u00a0\u00a0 e ao AnarcoAbolicionismo<\/strong><br \/>\nDr. Adelino Jos\u00e9 de Carvalho Dias &#8211;\u00a0<strong>Justi\u00e7a de Transi\u00e7\u00e3o e Direitos Humanos no Brasil<\/strong><\/p>\n<p>MESA DE ENCERRAMENTO<\/p>\n<p><strong>Novos Horizontes das Ci\u00eancias Criminais e Direitos Humanos<\/strong><\/p>\n<p>Vinicius Gomes de Vasconcellos \u2013 Doutor em Direito pela USP. P\u00f3s-doc UFRJ. Mestrado em Ci\u00eancias Criminais pela PUC\/RS. Professor do IDP e UEG. Editor-chefe RBDPP. Assessor de Ministro no STF.<\/p>\n<p>Milene Brand\u00e3o Pereira \u2013 Doutoranda em Ci\u00eancias Sociais (UNESP\/Araraquara). Mestrado em Ci\u00eancias Sociais (UNIOESTE). Especializa\u00e7\u00e3o em Direito do Estado (LFG). Professora da UFCAT e FATENC. Coordenadora da Cl\u00ednica de Direitos Humanos e Cidadania (UFCAT).<\/p>\n<p>Denis Carrara de Abreu &#8211; Doutorando em Estudos da Linguagem (UFG). Mestre em Ci\u00eancias Criminais (PUC\/RS). Professor na \u00e1rea de Ci\u00eancias Criminais (UEG).<\/p>\n<p>Divo Augusto Cavadas &#8211; Advogado (RJ\/GO). Professor de Ci\u00eancias Penais (UEG). Procurador Municipal. Mestrando em Hist\u00f3ria (PUC\/GO). Especializa\u00e7\u00e3o em Filosofia. Especializa\u00e7\u00e3o em Ci\u00eancias Penais.<\/p>\n<p><strong>VALOR DA INSCRI\u00c7\u00c3O<\/strong><\/p>\n<ul>\n<li>Alunos Fatenc\u00a0\u00a0\u00a0 (ouvintes ou c\/ apresenta\u00e7\u00e3o de trabalho)\u00a0 &#8211; Sem Custo<\/li>\n<li>Alunos da gradua\u00e7\u00e3o e p\u00f3s-gradua\u00e7\u00e3o em Direito da UFG &#8211; Sem Custo<\/li>\n<li>Alunos\u00a0\u00a0\u00a0\u00a0 da\u00a0\u00a0\u00a0 gradua\u00e7\u00e3o\u00a0\u00a0\u00a0\u00a0 em\u00a0\u00a0\u00a0\u00a0 Direito\u00a0\u00a0\u00a0\u00a0 da\u00a0\u00a0\u00a0 UEG\u00a0\u00a0\u00a0 (ouvintes\u00a0\u00a0\u00a0\u00a0 ou\u00a0\u00a0\u00a0 c\/\u00a0\u00a0\u00a0\u00a0 apresenta\u00e7\u00e3o\u00a0\u00a0\u00a0\u00a0 de trabalho) &#8211; Sem Custo<\/li>\n<li>Alunos da gradua\u00e7\u00e3o em Ci\u00eancias Sociais, Geografia, Pedagofia, Educa\u00e7\u00e3o do Campo e Hist\u00f3ria da UFCAT\u00a0\u00a0&#8211; Sem Custo<\/li>\n<li>Alunos do PPG Hist\u00f3ria &#8211; Mestrado Profissional da UFCAT- Sem Custo<\/li>\n<li>Alunos\u00a0 de\u00a0Gradua\u00e7\u00e3o de outras institui\u00e7\u00f5es(ouvintes ou c\/ apresenta\u00e7\u00e3o de trabalho) &#8211; RS 35,00<\/li>\n<li>Profissionais e P\u00f3s-Graduandos externo (ouvintes) &#8211; R$40,00<\/li>\n<li>Profissionais e P\u00f3s-Graduandos externo (c\/ apresenta\u00e7\u00e3o de trabalho)\u00a0 \u2013 R$45,00<\/li>\n<\/ul>\n<p>Ser\u00e3o enviados os links de acesso \u00e0 plataforma Meet e ao canal do Youtube, no dia\u00a0\u00a0\u00a0 \u00a015\u00a0\u00a0\u00a0 \u00a0de\u00a0\u00a0\u00a0 \u00a0setembro\u00a0\u00a0\u00a0 \u00a0de\u00a0\u00a0\u00a0 \u00a02020,\u00a0\u00a0\u00a0 \u00a0ou\u00a0\u00a0\u00a0\u00a0\u00a0 seja,\u00a0\u00a0\u00a0\u00a0\u00a0 um\u00a0\u00a0\u00a0\u00a0\u00a0 dias\u00a0\u00a0\u00a0\u00a0\u00a0 antes\u00a0\u00a0\u00a0\u00a0\u00a0 do in\u00edcio\u00a0 \u00a0do\u00a0 \u00a0evento.\u00a0 \u00a0Os\u00a0\u00a0\u00a0 links\u00a0\u00a0\u00a0 ser\u00e3o\u00a0\u00a0\u00a0 enviados\u00a0\u00a0\u00a0 por\u00a0\u00a0\u00a0 e-mail\u00a0\u00a0\u00a0 e\u00a0\u00a0\u00a0 por\u00a0\u00a0\u00a0 whatsapp para\u00a0\u00a0\u00a0 todos\u00a0\u00a0\u00a0 os\u00a0\u00a0\u00a0 participantes.\u00a0\u00a0 \u00a0Pedimos\u00a0\u00a0\u00a0 aos\u00a0\u00a0 \u00a0participantes\u00a0\u00a0\u00a0 que\u00a0\u00a0\u00a0 fizerem\u00a0\u00a0\u00a0 uso do acesso ao Google Meet\u00a0\u00a0 (os\u00a0\u00a0 100\u00a0\u00a0 primeiros)\u00a0\u00a0 que\u00a0\u00a0 entrem\u00a0\u00a0 com\u00a0\u00a0 o\u00a0\u00a0 mesmo e-mail\u00a0 \u00a0e\u00a0 \u00a0identifica\u00e7\u00e3o\u00a0 \u00a0contido\u00a0\u00a0 \u00a0na\u00a0\u00a0 \u00a0inscri\u00e7\u00e3o,\u00a0\u00a0 \u00a0para\u00a0\u00a0 \u00a0que\u00a0\u00a0 \u00a0o\u00a0\u00a0 \u00a0acesso\u00a0\u00a0 \u00a0\u00e0 plataforma seja efetuado com \u00eaxito.<\/p>\n<p><strong>SUBMISS\u00c3O DE TRABALHO<\/strong><\/p>\n<p>Para apresenta\u00e7\u00e3o de trabalhos e submiss\u00e3o de resumos expandidos, podem se inscrever:<\/p>\n<ol>\n<li>\n<ol>\n<li>Alunos matriculados em quaisquer cursos de gradua\u00e7\u00e3o;<\/li>\n<li>Profissionais das \u00e1reas de ci\u00eancias sociais, ci\u00eancias sociais aplicadas, ci\u00eancias humanas e educa\u00e7\u00e3o;<\/li>\n<li>P\u00f3s-graduandos\u00a0<em>lato sensu\u00a0<\/em>ou\u00a0<em>stricto sensu.<\/em><\/li>\n<\/ol>\n<\/li>\n<\/ol>\n<p>O prazo para submiss\u00e3o de resumos \u00e9 at\u00e9 15 de setembro. A publica\u00e7\u00e3o do resultado dos trabalhos selecionados ser\u00e1 at\u00e9 o dia 16 de setembro de 2020.<\/p>\n<p>Os trabalhos dever\u00e3o tratar sobre as Ci\u00eancias Criminais e\/ou Direitos Humanos de acordo com um dos tr\u00eas eixos:<\/p>\n<p>Eixo (1): Ci\u00eancias Criminais Eixo (2): Direitos Humanos<\/p>\n<p>Eixo (3): Ci\u00eancias Criminais e Direitos Humanos<\/p>\n<p>Ser\u00e3o aceitos para publica\u00e7\u00e3o somente trabalhos originais in\u00e9ditos, que n\u00e3o estejam sendo avaliados para publica\u00e7\u00e3o em outra revista. Caso uma vers\u00e3o preliminar ou reduzida do trabalho j\u00e1 foi publicada ou aguarda publica\u00e7\u00e3o em anais de eventos ou em outro tipo de ve\u00edculo, o autor dever\u00e1 comunicar no momento da submiss\u00e3o.<\/p>\n<p><strong>CORPO EDITORIAL<\/strong><\/p>\n<p><strong>COMISS\u00c3O CIENT\u00cdFICA<\/strong><\/p>\n<p>Denis Carrara de Abreu (UEG) Divo Augusto Cavadas (UEG) Jorge da Silva Giulian (UNIOESTE)<\/p>\n<p>Vicente Gon\u00e7alves de Ara\u00fajo J\u00fanior (FATENC) Matheus Santos Medeiros (FATENC)<\/p>\n<p><strong>COMISS\u00c3O ORGANIZADORA<\/strong><\/p>\n<p>Clausemir Batista de Paula Ricardo Le\u00e3o de Souza Zardo Filho Milene Brand\u00e3o Pereira<\/p>\n<p>Matheus Santos Medeiros Talita Neri<\/p>\n<p>Diego Ribeiro Guimar\u00e3es Felipe Matheus Gon\u00e7alves Vaz Giovanna de Souza Nunes<\/p>\n<p><strong>REGRAS GERAIS PARA A FORMATA\u00c7\u00c3O DO RESUMO EXPANDIDO<\/strong><\/p>\n<p>Ao final dessa p\u00e1gina disponibilizamos o modelo do resumo expandido. Caso prefira, envie um e-mail para\u00a0<a href=\"mailto:simposio@faculdadeunibras.com.br\">simposio@faculdadeunibras.com.br\u00a0<\/a>solicitando o modelo no formato word, que iremos lhe enviar.<\/p>\n<p>O arquivo deve ser enviado para o e-mail:\u00a0<a href=\"mailto:simposio@faculdadeunibras.com.br\">simposio@faculdadeunibras.com.br,<\/a>\u00a0at\u00e9 o dia 08\/09\/2020, em formato .doc ou .docx, respeitando as seguintes normativas:<\/p>\n<ol>\n<li>At\u00e9 12.000 caracteres com espa\u00e7o incluindo a bibliografia;<\/li>\n<li>Dever\u00e1 conter: t\u00edtulo, autor(es), resumo e palavras-chave em portugu\u00eas, resumo em outra l\u00edngua (ingl\u00eas ou espanhol), introdu\u00e7\u00e3o, resultados e discuss\u00e3o, conclus\u00e3o e bibliografia;<\/li>\n<li>Espa\u00e7amento entre linhas de 1.5 cm;<\/li>\n<li>Fonte 12. Times New Roman ou Arial;<\/li>\n<li>Margens: superior e esquerda 3cm \/inferior e direita 2cm.<\/li>\n<li>Nomes completos, filia\u00e7\u00e3o institucional e e-mails de todos os autores e coautores;<\/li>\n<li>Indicar o Eixo escolhido.<\/li>\n<\/ol>\n<p><strong>Introdu\u00e7\u00e3o:\u00a0<\/strong>Deve constar as caracter\u00edsticas do conte\u00fado, o objeto do trabalho com a sua delimita\u00e7\u00e3o,\u00a0 \u00a0o\u00a0 \u00a0problema,\u00a0 \u00a0os\u00a0 \u00a0objetivos,\u00a0 \u00a0hip\u00f3teses\u00a0\u00a0 \u00a0ou\u00a0\u00a0 \u00a0vari\u00e1veis\u00a0\u00a0 \u00a0(caso necess\u00e1rio), justificativa, metodologia utilizada e refer\u00eancias.<\/p>\n<p><strong>Desenvolvimento\u00a0<\/strong>&#8211; Deve constar a fundamenta\u00e7\u00e3o te\u00f3rica, a metodologia, os resultados e a discuss\u00e3o. Dever\u00e1 seguir a NBR 6022:2018 .<\/p>\n<p><strong>Conclus\u00f5es\u00a0<\/strong>\u2013 Devem responder as quest\u00f5es iniciais levantadas no artigo, referente aos objetivos e hip\u00f3teses.<\/p>\n<p><strong>Refer\u00eancias\u00a0<\/strong>&#8211; Apenas devem constar nas refer\u00eancias aquelas obras, documentos, legisla\u00e7\u00f5es, doutrina e demais obras que foram efetivamente citados no corpo do texto do artigo. De acordo com a NBR 14724, as refer\u00eancias devem ser alinhadas a esquerda e separadas entre si por um espa\u00e7o em branco.<\/p>\n<p><strong>APRESENTA\u00c7\u00c3O DOS TRABALHOS<\/strong><\/p>\n<p>A apresenta\u00e7\u00e3o ser\u00e1 realizada de modo conectado (<em>on-line<\/em>), via Google Meet, nos dias 16, 17 e 18 de setembro, das entre as 14:00 horas \u00e0s 17:00 horas. A apresenta\u00e7\u00e3o ter\u00e1 dura\u00e7\u00e3o 10 minutos, sendo organizada pelo coordenador do Eixo Tem\u00e1tico e informado aos participantes por e-mail (link e hor\u00e1rio espec\u00edfico da apresenta\u00e7\u00e3o).<\/p>\n<p><strong>CERTIFICADOS E PUBLICA\u00c7\u00c3O DOS TRABALHOS APRESENTADOS<\/strong><\/p>\n<ol>\n<li>Tanto o(a) primeiro(a) autor(a) como os coautores\/as, desde que devidamente inscritos e presentes no evento, com a consequente apresenta\u00e7\u00e3o dos trabalhos programados, receber\u00e3o certificados de participa\u00e7\u00e3o de 20 horas.<\/li>\n<li>Somente ser\u00e3o publicados em formato eletr\u00f4nico, com ISSN, nos anais os trabalhos selecionados e que efetivamente sejam apresentados pelo(s) autor(es) e pela(s) autora(s) no evento, com a devida quita\u00e7\u00e3o das taxas de inscri\u00e7\u00e3o.<\/li>\n<\/ol>\n<p>d) Haver\u00e1 limite m\u00e1ximo de dois trabalhos enviados por autor. E at\u00e9 3 autores por trabalho.<\/p>\n<p><strong>BREVE CURR\u00cdCULO DOS PALESTRANTES<\/strong><\/p>\n<p>Jaime Meira do Nascimento Junior &#8211; Doutor em Direito pela Universidade de S\u00e3o Paulo (USP). Promotor de Justi\u00e7a do Minist\u00e9rio P\u00fablico do Estado de S\u00e3o Paulo.<\/p>\n<p>Bartira Macedo de Miranda Santos &#8211; Doutora em Hist\u00f3ria da Ci\u00eancia pela PUC\/SP. Mestre em Direito pela Universidade Federal de Goi\u00e1s. Conselheira Seccional da Ordem dos Advogados do Brasil. Diretora da Faculdade de Direito da UFG. Professora da PPGDP &#8211; Programa de P\u00f3s-gradua\u00e7\u00e3o em Direito e Pol\u00edticas P\u00fablicas da UFG.<\/p>\n<p>Jorge da Silva Giulian \u2013 Doutor em Direito pela Universidade Federal do Paran\u00e1 (UFPR). Advogado especialista Direito Penal Militar. Professor da gradua\u00e7\u00e3o em Direito da Universidade Estadual do Oeste do Paran\u00e1 \/ Foz do Igua\u00e7u.<\/p>\n<p>Lissandra Espinosa de Mello Aguirre \u2013 Doutora em Direito pela Universidade Federal do Paran\u00e1 (UFPR). Professora do Programa de P\u00f3s Gradua\u00e7\u00e3o Stricto Senso Sociedade, Cultura e Fronteira, Mestrado e Doutorado, Universidade Estadual do Oeste do Paran\u00e1 \/ Foz do Igua\u00e7u.<\/p>\n<p>Dr. Jos\u00e9 Luis Solazzi &#8211; Doutor em Ci\u00eancias Sociais (Antropologia) pela PUC\/SP. Mestrado em Ci\u00eancias Sociais (Antropologia) pela PUC\/SP. Possui bacharelado em Ci\u00eancias Sociais pela PUC \/SP e em Direito (Direito Penal e Criminologia) pela Universidade de S\u00e3o Paulo. Atua no Programa de Mestrado em Direito Agr\u00e1rio (Regional Goi\u00e2nia\/UFG) e no Mestrado Profissional em Hist\u00f3ria &#8211; Forma\u00e7\u00e3o de Professores (Regional Catal\u00e3o\/UFG).<\/p>\n<p>Dr. Adelino Jos\u00e9 de Carvalho &#8211; Doutor em Educa\u00e7\u00e3o pela UFU. Mestrado em Educa\u00e7\u00e3o pela UFU. Especializa\u00e7\u00e3o em Direito Constitucional. Gradua\u00e7\u00e3o em Direito \/ UFU. Gradua\u00e7\u00e3o em Hist\u00f3ria \/ UFU. Professor no Curso de Direito da UNIUBE\/Campus Uberl\u00e2ndia<\/p>\n<p>&nbsp;<\/p>\n<p>Catal\u00e3o \u2013 Goi\u00e1s, 20 de agosto de 2020.<\/p>\n<p><strong>COMISS\u00c3O ORGANIZADORA<\/strong><\/p>\n","protected":false},"excerpt":{"rendered":"<p>A organiza\u00e7\u00e3o do evento, convida a todos para o\u00a0I Simp\u00f3sio Estadual de Ci\u00eancias Criminais e Direitos Humanos, que ocorrer\u00e1 nos dias 16, 17 e 18&hellip;<\/p>\n","protected":false},"author":1,"featured_media":0,"comment_status":"open","ping_status":"open","sticky":false,"template":"","format":"standard","meta":{"footnotes":""},"categories":[6,1],"tags":[],"class_list":["post-8762","post","type-post","status-publish","format-standard","hentry","category-noticias","category-sem-categoria",""],"_links":{"self":[{"href":"https:\/\/faculdadeunibras.com.br\/catalao\/wp-json\/wp\/v2\/posts\/8762","targetHints":{"allow":["GET"]}}],"collection":[{"href":"https:\/\/faculdadeunibras.com.br\/catalao\/wp-json\/wp\/v2\/posts"}],"about":[{"href":"https:\/\/faculdadeunibras.com.br\/catalao\/wp-json\/wp\/v2\/types\/post"}],"author":[{"embeddable":true,"href":"https:\/\/faculdadeunibras.com.br\/catalao\/wp-json\/wp\/v2\/users\/1"}],"replies":[{"embeddable":true,"href":"https:\/\/faculdadeunibras.com.br\/catalao\/wp-json\/wp\/v2\/comments?post=8762"}],"version-history":[{"count":2,"href":"https:\/\/faculdadeunibras.com.br\/catalao\/wp-json\/wp\/v2\/posts\/8762\/revisions"}],"predecessor-version":[{"id":8764,"href":"https:\/\/faculdadeunibras.com.br\/catalao\/wp-json\/wp\/v2\/posts\/8762\/revisions\/8764"}],"wp:attachment":[{"href":"https:\/\/faculdadeunibras.com.br\/catalao\/wp-json\/wp\/v2\/media?parent=8762"}],"wp:term":[{"taxonomy":"category","embeddable":true,"href":"https:\/\/faculdadeunibras.com.br\/catalao\/wp-json\/wp\/v2\/categories?post=8762"},{"taxonomy":"post_tag","embeddable":true,"href":"https:\/\/faculdadeunibras.com.br\/catalao\/wp-json\/wp\/v2\/tags?post=8762"}],"curies":[{"name":"wp","href":"https:\/\/api.w.org\/{rel}","templated":true}]}}