{"id":992581,"date":"2024-04-02T15:03:48","date_gmt":"2024-04-02T18:03:48","guid":{"rendered":"https:\/\/faculdadeunibras.com.br\/gama\/?p=992581"},"modified":"2024-04-02T15:03:48","modified_gmt":"2024-04-02T18:03:48","slug":"daiane-da-rocha-biam-a-luta-pela-representatividade-e-respeito-aos-povos-ciganos","status":"publish","type":"post","link":"https:\/\/faculdadeunibras.com.br\/gama\/daiane-da-rocha-biam-a-luta-pela-representatividade-e-respeito-aos-povos-ciganos\/","title":{"rendered":"Daiane da Rocha Biam: a luta pela representatividade e respeito aos Povos Ciganos"},"content":{"rendered":"<p>A gradua\u00e7\u00e3o em Direito na Faculdade UniBRAS Gama tem sido um caminho de compromisso e dedica\u00e7\u00e3o para Daiane da Rocha Biam, uma estudante cigana que n\u00e3o s\u00f3 busca sua forma\u00e7\u00e3o acad\u00eamica, mas tamb\u00e9m se engaja ativamente na luta pela defesa dos direitos dos povos ciganos.<\/p>\n<p>Integrante da Associa\u00e7\u00e3o Nacional das Etnias Ciganas (ANEC), Daiane participa de diversos eventos e iniciativas que visam ampliar a representatividade e promover o respeito \u00e0 cultura e hist\u00f3ria dos povos ciganos. Recentemente, ela contribuiu como co-autora em um artigo fundamental para essa causa, intitulado &#8220;Representa\u00e7\u00f5es sociais dos povos ciganos nos ve\u00edculos de imprensa do Estado de Goi\u00e1s (2018-2022)&#8221;.<\/p>\n<p>No artigo, Daiane e seus colegas de pesquisa (Phillipe Cupertino Salloum e Silva e Jaqueline Pereira dos Santos) mergulharam em uma an\u00e1lise profunda sobre como os ve\u00edculos de imprensa constroem as representa\u00e7\u00f5es dos povos ciganos em Goi\u00e1s. A pesquisa emp\u00edrica envolveu a leitura e an\u00e1lise de reportagens de cunho criminal que mencionavam pessoas ciganas, destacando o papel dos meios de comunica\u00e7\u00e3o na dissemina\u00e7\u00e3o de estere\u00f3tipos e preconceitos.<\/p>\n<p>&#8220;Infelizmente, os povos ciganos, em toda sua hist\u00f3ria, sofrem v\u00e1rios tipos de persegui\u00e7\u00f5es e descriminaliza\u00e7\u00e3o de v\u00e1rias formas&#8221;, expressa Daiane. Ela enfatiza a import\u00e2ncia de compreender que cada indiv\u00edduo deve ser responsabilizado por suas a\u00e7\u00f5es, sem generaliza\u00e7\u00f5es que prejudiquem toda uma comunidade. &#8220;\u00c9 uma realidade covarde em que as comunidades ciganas enfrentam persegui\u00e7\u00f5es, expuls\u00f5es e constrangimentos simplesmente por pertencerem a uma cultura milenar que merece respeito&#8221;, completa.<\/p>\n<p>Para contextualizar, os &#8216;povos ciganos&#8217; s\u00e3o grupos \u00e9tnicos n\u00f4mades com uma hist\u00f3ria e cultura ricas e diversificadas. Eles contribu\u00edram significativamente para a hist\u00f3ria e cultura de diversos pa\u00edses, incluindo o Brasil, desde os tempos da coloniza\u00e7\u00e3o. \u00c9 fundamental reconhecer e respeitar sua identidade, valorizando suas tradi\u00e7\u00f5es e combatendo estere\u00f3tipos prejudiciais.<\/p>\n<p>Daiane da Rocha Biam \u00e9 um exemplo inspirador de como a educa\u00e7\u00e3o e a atua\u00e7\u00e3o social podem se unir em prol de uma sociedade mais inclusiva e justa. Sua voz e suas a\u00e7\u00f5es s\u00e3o importantes para promover o di\u00e1logo, a compreens\u00e3o e a igualdade para todos.<\/p>\n\n\t\t<style type=\"text\/css\">\n\t\t\t#gallery-1 {\n\t\t\t\tmargin: auto;\n\t\t\t}\n\t\t\t#gallery-1 .gallery-item {\n\t\t\t\tfloat: left;\n\t\t\t\tmargin-top: 10px;\n\t\t\t\ttext-align: center;\n\t\t\t\twidth: 50%;\n\t\t\t}\n\t\t\t#gallery-1 img {\n\t\t\t\tborder: 2px solid #cfcfcf;\n\t\t\t}\n\t\t\t#gallery-1 .gallery-caption {\n\t\t\t\tmargin-left: 0;\n\t\t\t}\n\t\t\t\/* see gallery_shortcode() in wp-includes\/media.php *\/\n\t\t<\/style>\n\t\t<div id='gallery-1' class='gallery galleryid-992581 gallery-columns-2 gallery-size-full'><dl class='gallery-item'>\n\t\t\t<dt class='gallery-icon landscape'>\n\t\t\t\t<img loading=\"lazy\" decoding=\"async\" width=\"1080\" height=\"1080\" src=\"https:\/\/faculdadeunibras.com.br\/gama\/wp-content\/uploads\/2024\/04\/Daiane-da-Rocha-Biam-a-luta-pela-representatividade-e-respeito-aos-Povos-Ciganos-2.png\" class=\"attachment-full size-full\" alt=\"\" srcset=\"https:\/\/faculdadeunibras.com.br\/gama\/wp-content\/uploads\/2024\/04\/Daiane-da-Rocha-Biam-a-luta-pela-representatividade-e-respeito-aos-Povos-Ciganos-2.png 1080w, https:\/\/faculdadeunibras.com.br\/gama\/wp-content\/uploads\/2024\/04\/Daiane-da-Rocha-Biam-a-luta-pela-representatividade-e-respeito-aos-Povos-Ciganos-2-980x980.png 980w, https:\/\/faculdadeunibras.com.br\/gama\/wp-content\/uploads\/2024\/04\/Daiane-da-Rocha-Biam-a-luta-pela-representatividade-e-respeito-aos-Povos-Ciganos-2-480x480.png 480w\" sizes=\"auto, (min-width: 0px) and (max-width: 480px) 480px, (min-width: 481px) and (max-width: 980px) 980px, (min-width: 981px) 1080px, 100vw\" \/>\n\t\t\t<\/dt><\/dl><dl class='gallery-item'>\n\t\t\t<dt class='gallery-icon landscape'>\n\t\t\t\t<img loading=\"lazy\" decoding=\"async\" width=\"1080\" height=\"1080\" src=\"https:\/\/faculdadeunibras.com.br\/gama\/wp-content\/uploads\/2024\/04\/Daiane-da-Rocha-Biam-a-luta-pela-representatividade-e-respeito-aos-Povos-Ciganos-3.png\" class=\"attachment-full size-full\" alt=\"\" srcset=\"https:\/\/faculdadeunibras.com.br\/gama\/wp-content\/uploads\/2024\/04\/Daiane-da-Rocha-Biam-a-luta-pela-representatividade-e-respeito-aos-Povos-Ciganos-3.png 1080w, https:\/\/faculdadeunibras.com.br\/gama\/wp-content\/uploads\/2024\/04\/Daiane-da-Rocha-Biam-a-luta-pela-representatividade-e-respeito-aos-Povos-Ciganos-3-980x980.png 980w, https:\/\/faculdadeunibras.com.br\/gama\/wp-content\/uploads\/2024\/04\/Daiane-da-Rocha-Biam-a-luta-pela-representatividade-e-respeito-aos-Povos-Ciganos-3-480x480.png 480w\" sizes=\"auto, (min-width: 0px) and (max-width: 480px) 480px, (min-width: 481px) and (max-width: 980px) 980px, (min-width: 981px) 1080px, 100vw\" \/>\n\t\t\t<\/dt><\/dl><br style=\"clear: both\" \/>\n\t\t<\/div>\n\n","protected":false},"excerpt":{"rendered":"<p>A gradua\u00e7\u00e3o em Direito na Faculdade UniBRAS Gama tem sido um caminho de compromisso e dedica\u00e7\u00e3o para Daiane da Rocha Biam, uma estudante cigana que n\u00e3o s\u00f3 busca sua forma\u00e7\u00e3o acad\u00eamica, mas tamb\u00e9m se engaja ativamente na luta pela defesa dos direitos dos povos ciganos. Integrante da Associa\u00e7\u00e3o Nacional das Etnias Ciganas (ANEC), Daiane participa [&hellip;]<\/p>\n","protected":false},"author":1,"featured_media":992582,"comment_status":"open","ping_status":"open","sticky":false,"template":"","format":"standard","meta":{"_et_pb_use_builder":"","_et_pb_old_content":"","_et_gb_content_width":"","footnotes":""},"categories":[21],"tags":[],"class_list":["post-992581","post","type-post","status-publish","format-standard","has-post-thumbnail","hentry","category-educacao"],"yoast_head":"<!-- This site is optimized with the Yoast SEO plugin v23.2 - https:\/\/yoast.com\/wordpress\/plugins\/seo\/ -->\n<title>Daiane da Rocha Biam: a luta pela representatividade e respeito aos Povos Ciganos - Faculdade UniBRAS<\/title>\n<meta name=\"robots\" content=\"index, follow, max-snippet:-1, max-image-preview:large, max-video-preview:-1\" \/>\n<link rel=\"canonical\" href=\"https:\/\/faculdadeunibras.com.br\/gama\/daiane-da-rocha-biam-a-luta-pela-representatividade-e-respeito-aos-povos-ciganos\/\" \/>\n<meta property=\"og:locale\" content=\"pt_BR\" \/>\n<meta property=\"og:type\" content=\"article\" \/>\n<meta property=\"og:title\" content=\"Daiane da Rocha Biam: a luta pela representatividade e respeito aos Povos Ciganos - Faculdade UniBRAS\" \/>\n<meta property=\"og:description\" content=\"A gradua\u00e7\u00e3o em Direito na Faculdade UniBRAS Gama tem sido um caminho de compromisso e dedica\u00e7\u00e3o para Daiane da Rocha Biam, uma estudante cigana que n\u00e3o s\u00f3 busca sua forma\u00e7\u00e3o acad\u00eamica, mas tamb\u00e9m se engaja ativamente na luta pela defesa dos direitos dos povos ciganos. Integrante da Associa\u00e7\u00e3o Nacional das Etnias Ciganas (ANEC), Daiane participa [&hellip;]\" \/>\n<meta property=\"og:url\" content=\"https:\/\/faculdadeunibras.com.br\/gama\/daiane-da-rocha-biam-a-luta-pela-representatividade-e-respeito-aos-povos-ciganos\/\" \/>\n<meta property=\"og:site_name\" content=\"Faculdade UniBRAS\" \/>\n<meta property=\"article:published_time\" content=\"2024-04-02T18:03:48+00:00\" \/>\n<meta property=\"og:image\" content=\"https:\/\/faculdadeunibras.com.br\/gama\/wp-content\/uploads\/2024\/04\/Daiane-da-Rocha-Biam-a-luta-pela-representatividade-e-respeito-aos-Povos-Ciganos-1.png\" \/>\n\t<meta property=\"og:image:width\" content=\"1080\" \/>\n\t<meta property=\"og:image:height\" content=\"1080\" \/>\n\t<meta property=\"og:image:type\" content=\"image\/png\" \/>\n<meta name=\"author\" content=\"leonardo\" \/>\n<meta name=\"twitter:card\" content=\"summary_large_image\" \/>\n<meta name=\"twitter:label1\" content=\"Escrito por\" \/>\n\t<meta name=\"twitter:data1\" content=\"leonardo\" \/>\n\t<meta name=\"twitter:label2\" content=\"Est. tempo de leitura\" \/>\n\t<meta name=\"twitter:data2\" content=\"3 minutos\" \/>\n<script type=\"application\/ld+json\" class=\"yoast-schema-graph\">{\"@context\":\"https:\/\/schema.org\",\"@graph\":[{\"@type\":\"WebPage\",\"@id\":\"https:\/\/faculdadeunibras.com.br\/gama\/daiane-da-rocha-biam-a-luta-pela-representatividade-e-respeito-aos-povos-ciganos\/\",\"url\":\"https:\/\/faculdadeunibras.com.br\/gama\/daiane-da-rocha-biam-a-luta-pela-representatividade-e-respeito-aos-povos-ciganos\/\",\"name\":\"Daiane da Rocha Biam: a luta pela representatividade e respeito aos Povos Ciganos - Faculdade UniBRAS\",\"isPartOf\":{\"@id\":\"https:\/\/faculdadeunibras.com.br\/gama\/#website\"},\"primaryImageOfPage\":{\"@id\":\"https:\/\/faculdadeunibras.com.br\/gama\/daiane-da-rocha-biam-a-luta-pela-representatividade-e-respeito-aos-povos-ciganos\/#primaryimage\"},\"image\":{\"@id\":\"https:\/\/faculdadeunibras.com.br\/gama\/daiane-da-rocha-biam-a-luta-pela-representatividade-e-respeito-aos-povos-ciganos\/#primaryimage\"},\"thumbnailUrl\":\"https:\/\/faculdadeunibras.com.br\/gama\/wp-content\/uploads\/2024\/04\/Daiane-da-Rocha-Biam-a-luta-pela-representatividade-e-respeito-aos-Povos-Ciganos-1.png\",\"datePublished\":\"2024-04-02T18:03:48+00:00\",\"dateModified\":\"2024-04-02T18:03:48+00:00\",\"author\":{\"@id\":\"https:\/\/faculdadeunibras.com.br\/gama\/#\/schema\/person\/7b134b3c58cd3dba41545a46a0654671\"},\"breadcrumb\":{\"@id\":\"https:\/\/faculdadeunibras.com.br\/gama\/daiane-da-rocha-biam-a-luta-pela-representatividade-e-respeito-aos-povos-ciganos\/#breadcrumb\"},\"inLanguage\":\"pt-BR\",\"potentialAction\":[{\"@type\":\"ReadAction\",\"target\":[\"https:\/\/faculdadeunibras.com.br\/gama\/daiane-da-rocha-biam-a-luta-pela-representatividade-e-respeito-aos-povos-ciganos\/\"]}]},{\"@type\":\"ImageObject\",\"inLanguage\":\"pt-BR\",\"@id\":\"https:\/\/faculdadeunibras.com.br\/gama\/daiane-da-rocha-biam-a-luta-pela-representatividade-e-respeito-aos-povos-ciganos\/#primaryimage\",\"url\":\"https:\/\/faculdadeunibras.com.br\/gama\/wp-content\/uploads\/2024\/04\/Daiane-da-Rocha-Biam-a-luta-pela-representatividade-e-respeito-aos-Povos-Ciganos-1.png\",\"contentUrl\":\"https:\/\/faculdadeunibras.com.br\/gama\/wp-content\/uploads\/2024\/04\/Daiane-da-Rocha-Biam-a-luta-pela-representatividade-e-respeito-aos-Povos-Ciganos-1.png\",\"width\":1080,\"height\":1080},{\"@type\":\"BreadcrumbList\",\"@id\":\"https:\/\/faculdadeunibras.com.br\/gama\/daiane-da-rocha-biam-a-luta-pela-representatividade-e-respeito-aos-povos-ciganos\/#breadcrumb\",\"itemListElement\":[{\"@type\":\"ListItem\",\"position\":1,\"name\":\"In\u00edcio\",\"item\":\"https:\/\/faculdadeunibras.com.br\/gama\/\"},{\"@type\":\"ListItem\",\"position\":2,\"name\":\"Daiane da Rocha Biam: a luta pela representatividade e respeito aos Povos Ciganos\"}]},{\"@type\":\"WebSite\",\"@id\":\"https:\/\/faculdadeunibras.com.br\/gama\/#website\",\"url\":\"https:\/\/faculdadeunibras.com.br\/gama\/\",\"name\":\"Faculdade UniBRAS\",\"description\":\"Gama\",\"potentialAction\":[{\"@type\":\"SearchAction\",\"target\":{\"@type\":\"EntryPoint\",\"urlTemplate\":\"https:\/\/faculdadeunibras.com.br\/gama\/?s={search_term_string}\"},\"query-input\":\"required name=search_term_string\"}],\"inLanguage\":\"pt-BR\"},{\"@type\":\"Person\",\"@id\":\"https:\/\/faculdadeunibras.com.br\/gama\/#\/schema\/person\/7b134b3c58cd3dba41545a46a0654671\",\"name\":\"leonardo\",\"image\":{\"@type\":\"ImageObject\",\"inLanguage\":\"pt-BR\",\"@id\":\"https:\/\/faculdadeunibras.com.br\/gama\/#\/schema\/person\/image\/\",\"url\":\"https:\/\/secure.gravatar.com\/avatar\/aa217932fdcfffdd56c7906d211783fc?s=96&d=mm&r=g\",\"contentUrl\":\"https:\/\/secure.gravatar.com\/avatar\/aa217932fdcfffdd56c7906d211783fc?s=96&d=mm&r=g\",\"caption\":\"leonardo\"},\"sameAs\":[\"https:\/\/faculdadeunibras.com.br\/gama\"]}]}<\/script>\n<!-- \/ Yoast SEO plugin. -->","yoast_head_json":{"title":"Daiane da Rocha Biam: a luta pela representatividade e respeito aos Povos Ciganos - Faculdade UniBRAS","robots":{"index":"index","follow":"follow","max-snippet":"max-snippet:-1","max-image-preview":"max-image-preview:large","max-video-preview":"max-video-preview:-1"},"canonical":"https:\/\/faculdadeunibras.com.br\/gama\/daiane-da-rocha-biam-a-luta-pela-representatividade-e-respeito-aos-povos-ciganos\/","og_locale":"pt_BR","og_type":"article","og_title":"Daiane da Rocha Biam: a luta pela representatividade e respeito aos Povos Ciganos - Faculdade UniBRAS","og_description":"A gradua\u00e7\u00e3o em Direito na Faculdade UniBRAS Gama tem sido um caminho de compromisso e dedica\u00e7\u00e3o para Daiane da Rocha Biam, uma estudante cigana que n\u00e3o s\u00f3 busca sua forma\u00e7\u00e3o acad\u00eamica, mas tamb\u00e9m se engaja ativamente na luta pela defesa dos direitos dos povos ciganos. Integrante da Associa\u00e7\u00e3o Nacional das Etnias Ciganas (ANEC), Daiane participa [&hellip;]","og_url":"https:\/\/faculdadeunibras.com.br\/gama\/daiane-da-rocha-biam-a-luta-pela-representatividade-e-respeito-aos-povos-ciganos\/","og_site_name":"Faculdade UniBRAS","article_published_time":"2024-04-02T18:03:48+00:00","og_image":[{"width":1080,"height":1080,"url":"https:\/\/faculdadeunibras.com.br\/gama\/wp-content\/uploads\/2024\/04\/Daiane-da-Rocha-Biam-a-luta-pela-representatividade-e-respeito-aos-Povos-Ciganos-1.png","type":"image\/png"}],"author":"leonardo","twitter_card":"summary_large_image","twitter_misc":{"Escrito por":"leonardo","Est. tempo de leitura":"3 minutos"},"schema":{"@context":"https:\/\/schema.org","@graph":[{"@type":"WebPage","@id":"https:\/\/faculdadeunibras.com.br\/gama\/daiane-da-rocha-biam-a-luta-pela-representatividade-e-respeito-aos-povos-ciganos\/","url":"https:\/\/faculdadeunibras.com.br\/gama\/daiane-da-rocha-biam-a-luta-pela-representatividade-e-respeito-aos-povos-ciganos\/","name":"Daiane da Rocha Biam: a luta pela representatividade e respeito aos Povos Ciganos - Faculdade UniBRAS","isPartOf":{"@id":"https:\/\/faculdadeunibras.com.br\/gama\/#website"},"primaryImageOfPage":{"@id":"https:\/\/faculdadeunibras.com.br\/gama\/daiane-da-rocha-biam-a-luta-pela-representatividade-e-respeito-aos-povos-ciganos\/#primaryimage"},"image":{"@id":"https:\/\/faculdadeunibras.com.br\/gama\/daiane-da-rocha-biam-a-luta-pela-representatividade-e-respeito-aos-povos-ciganos\/#primaryimage"},"thumbnailUrl":"https:\/\/faculdadeunibras.com.br\/gama\/wp-content\/uploads\/2024\/04\/Daiane-da-Rocha-Biam-a-luta-pela-representatividade-e-respeito-aos-Povos-Ciganos-1.png","datePublished":"2024-04-02T18:03:48+00:00","dateModified":"2024-04-02T18:03:48+00:00","author":{"@id":"https:\/\/faculdadeunibras.com.br\/gama\/#\/schema\/person\/7b134b3c58cd3dba41545a46a0654671"},"breadcrumb":{"@id":"https:\/\/faculdadeunibras.com.br\/gama\/daiane-da-rocha-biam-a-luta-pela-representatividade-e-respeito-aos-povos-ciganos\/#breadcrumb"},"inLanguage":"pt-BR","potentialAction":[{"@type":"ReadAction","target":["https:\/\/faculdadeunibras.com.br\/gama\/daiane-da-rocha-biam-a-luta-pela-representatividade-e-respeito-aos-povos-ciganos\/"]}]},{"@type":"ImageObject","inLanguage":"pt-BR","@id":"https:\/\/faculdadeunibras.com.br\/gama\/daiane-da-rocha-biam-a-luta-pela-representatividade-e-respeito-aos-povos-ciganos\/#primaryimage","url":"https:\/\/faculdadeunibras.com.br\/gama\/wp-content\/uploads\/2024\/04\/Daiane-da-Rocha-Biam-a-luta-pela-representatividade-e-respeito-aos-Povos-Ciganos-1.png","contentUrl":"https:\/\/faculdadeunibras.com.br\/gama\/wp-content\/uploads\/2024\/04\/Daiane-da-Rocha-Biam-a-luta-pela-representatividade-e-respeito-aos-Povos-Ciganos-1.png","width":1080,"height":1080},{"@type":"BreadcrumbList","@id":"https:\/\/faculdadeunibras.com.br\/gama\/daiane-da-rocha-biam-a-luta-pela-representatividade-e-respeito-aos-povos-ciganos\/#breadcrumb","itemListElement":[{"@type":"ListItem","position":1,"name":"In\u00edcio","item":"https:\/\/faculdadeunibras.com.br\/gama\/"},{"@type":"ListItem","position":2,"name":"Daiane da Rocha Biam: a luta pela representatividade e respeito aos Povos Ciganos"}]},{"@type":"WebSite","@id":"https:\/\/faculdadeunibras.com.br\/gama\/#website","url":"https:\/\/faculdadeunibras.com.br\/gama\/","name":"Faculdade UniBRAS","description":"Gama","potentialAction":[{"@type":"SearchAction","target":{"@type":"EntryPoint","urlTemplate":"https:\/\/faculdadeunibras.com.br\/gama\/?s={search_term_string}"},"query-input":"required name=search_term_string"}],"inLanguage":"pt-BR"},{"@type":"Person","@id":"https:\/\/faculdadeunibras.com.br\/gama\/#\/schema\/person\/7b134b3c58cd3dba41545a46a0654671","name":"leonardo","image":{"@type":"ImageObject","inLanguage":"pt-BR","@id":"https:\/\/faculdadeunibras.com.br\/gama\/#\/schema\/person\/image\/","url":"https:\/\/secure.gravatar.com\/avatar\/aa217932fdcfffdd56c7906d211783fc?s=96&d=mm&r=g","contentUrl":"https:\/\/secure.gravatar.com\/avatar\/aa217932fdcfffdd56c7906d211783fc?s=96&d=mm&r=g","caption":"leonardo"},"sameAs":["https:\/\/faculdadeunibras.com.br\/gama"]}]}},"_links":{"self":[{"href":"https:\/\/faculdadeunibras.com.br\/gama\/wp-json\/wp\/v2\/posts\/992581","targetHints":{"allow":["GET"]}}],"collection":[{"href":"https:\/\/faculdadeunibras.com.br\/gama\/wp-json\/wp\/v2\/posts"}],"about":[{"href":"https:\/\/faculdadeunibras.com.br\/gama\/wp-json\/wp\/v2\/types\/post"}],"author":[{"embeddable":true,"href":"https:\/\/faculdadeunibras.com.br\/gama\/wp-json\/wp\/v2\/users\/1"}],"replies":[{"embeddable":true,"href":"https:\/\/faculdadeunibras.com.br\/gama\/wp-json\/wp\/v2\/comments?post=992581"}],"version-history":[{"count":1,"href":"https:\/\/faculdadeunibras.com.br\/gama\/wp-json\/wp\/v2\/posts\/992581\/revisions"}],"predecessor-version":[{"id":992585,"href":"https:\/\/faculdadeunibras.com.br\/gama\/wp-json\/wp\/v2\/posts\/992581\/revisions\/992585"}],"wp:featuredmedia":[{"embeddable":true,"href":"https:\/\/faculdadeunibras.com.br\/gama\/wp-json\/wp\/v2\/media\/992582"}],"wp:attachment":[{"href":"https:\/\/faculdadeunibras.com.br\/gama\/wp-json\/wp\/v2\/media?parent=992581"}],"wp:term":[{"taxonomy":"category","embeddable":true,"href":"https:\/\/faculdadeunibras.com.br\/gama\/wp-json\/wp\/v2\/categories?post=992581"},{"taxonomy":"post_tag","embeddable":true,"href":"https:\/\/faculdadeunibras.com.br\/gama\/wp-json\/wp\/v2\/tags?post=992581"}],"curies":[{"name":"wp","href":"https:\/\/api.w.org\/{rel}","templated":true}]}}