{"id":989083,"date":"2023-10-01T12:19:53","date_gmt":"2023-10-01T15:19:53","guid":{"rendered":"https:\/\/faculdadeunibras.com.br\/maranhao\/?p=989083"},"modified":"2023-10-01T12:19:53","modified_gmt":"2023-10-01T15:19:53","slug":"academicos-de-direito-da-unibras-santa-ines-participam-da-aula-tecnica-sobre-tribunal-do-juri","status":"publish","type":"post","link":"https:\/\/faculdadeunibras.com.br\/maranhao\/academicos-de-direito-da-unibras-santa-ines-participam-da-aula-tecnica-sobre-tribunal-do-juri\/","title":{"rendered":"Acad\u00eamicos de Direito da UniBRAS Santa In\u00eas participam da aula t\u00e9cnica sobre Tribunal do J\u00fari"},"content":{"rendered":"<p>Na \u00faltima quarta-feira, dia 21 de setembro de 2023, os alunos do 8\u00ba per\u00edodo da Faculdade UniBRAS Santa In\u00eas tiveram a oportunidade de mergulhar na pr\u00e1tica jur\u00eddica durante uma enriquecedora Aula T\u00e9cnica sobre o Tribunal do J\u00fari.<\/p>\n<p>O projeto, desenvolvido pelo Prof. Erik Campos em parceria com a Coordenadora do Curso de Direito, Profa. Fl\u00e1via Brito, tem como objetivo central proporcionar aos estudantes a chance de aplicar os conhecimentos te\u00f3ricos adquiridos ao longo de sua forma\u00e7\u00e3o acad\u00eamica no ambiente real da pr\u00e1tica jur\u00eddica.<\/p>\n<p>A iniciativa recebeu o valioso apoio do Dr. Raphael Leite Guedes, juiz da 4\u00aa Vara Criminal, e do Dr. Mois\u00e9s Caldeira Brant, promotor de justi\u00e7a, ambos da Comarca de Santa In\u00eas. Essa colabora\u00e7\u00e3o permitiu que os alunos pudessem observar e analisar de perto o funcionamento do Tribunal do J\u00fari, uma das esferas mais emblem\u00e1ticas do sistema judicial brasileiro.<\/p>\n<p>Durante a Aula T\u00e9cnica, os alunos tiveram a oportunidade de vivenciar o ambiente do tribunal, entender os procedimentos e pr\u00e1ticas, e aprofundar seus conhecimentos sobre o funcionamento do sistema judici\u00e1rio. Essa experi\u00eancia pr\u00e1tica \u00e9 crucial para complementar a forma\u00e7\u00e3o acad\u00eamica, proporcionando uma vis\u00e3o mais ampla e aplicada da teoria jur\u00eddica.<\/p>\n<p>A Faculdade UniBRAS Santa In\u00eas tem o compromisso cont\u00ednuo de proporcionar aos seus alunos experi\u00eancias que enrique\u00e7am suas trajet\u00f3rias acad\u00eamicas e os preparem para enfrentar os desafios do mundo jur\u00eddico com confian\u00e7a e compet\u00eancia. A Aula T\u00e9cnica sobre o Tribunal do J\u00fari \u00e9 um exemplo do empenho da institui\u00e7\u00e3o em promover uma educa\u00e7\u00e3o de qualidade e relevante para o futuro dos estudantes de Direito.<\/p>\n<p><img loading=\"lazy\" decoding=\"async\" class=\"alignnone wp-image-989084 size-full\" src=\"https:\/\/faculdadeunibras.com.br\/maranhao\/wp-content\/uploads\/2023\/10\/Academicos-de-Direito-da-UniBRAS-Santa-Ines-participam-da-aula-tecnica-sobre-Tribunal-do-Juri-2.opti_.webp\" alt=\"\" width=\"1080\" height=\"1080\" srcset=\"https:\/\/faculdadeunibras.com.br\/maranhao\/wp-content\/uploads\/2023\/10\/Academicos-de-Direito-da-UniBRAS-Santa-Ines-participam-da-aula-tecnica-sobre-Tribunal-do-Juri-2.opti_.webp 1080w, https:\/\/faculdadeunibras.com.br\/maranhao\/wp-content\/uploads\/2023\/10\/Academicos-de-Direito-da-UniBRAS-Santa-Ines-participam-da-aula-tecnica-sobre-Tribunal-do-Juri-2.opti_-980x980.webp 980w, https:\/\/faculdadeunibras.com.br\/maranhao\/wp-content\/uploads\/2023\/10\/Academicos-de-Direito-da-UniBRAS-Santa-Ines-participam-da-aula-tecnica-sobre-Tribunal-do-Juri-2.opti_-480x480.webp 480w\" sizes=\"auto, (min-width: 0px) and (max-width: 480px) 480px, (min-width: 481px) and (max-width: 980px) 980px, (min-width: 981px) 1080px, 100vw\" \/><\/p>\n","protected":false},"excerpt":{"rendered":"<p>Na \u00faltima quarta-feira, dia 21 de setembro de 2023, os alunos do 8\u00ba per\u00edodo da Faculdade UniBRAS Santa In\u00eas tiveram a oportunidade de mergulhar na pr\u00e1tica jur\u00eddica durante uma enriquecedora Aula T\u00e9cnica sobre o Tribunal do J\u00fari. O projeto, desenvolvido pelo Prof. Erik Campos em parceria com a Coordenadora do Curso de Direito, Profa. Fl\u00e1via [&hellip;]<\/p>\n","protected":false},"author":1,"featured_media":989085,"comment_status":"open","ping_status":"open","sticky":false,"template":"","format":"standard","meta":{"_et_pb_use_builder":"","_et_pb_old_content":"","_et_gb_content_width":"","footnotes":""},"categories":[42],"tags":[],"class_list":["post-989083","post","type-post","status-publish","format-standard","has-post-thumbnail","hentry","category-educacao"],"yoast_head":"<!-- This site is optimized with the Yoast SEO plugin v23.2 - https:\/\/yoast.com\/wordpress\/plugins\/seo\/ -->\n<title>Acad\u00eamicos de Direito da UniBRAS Santa In\u00eas participam da aula t\u00e9cnica sobre Tribunal do J\u00fari - Faculdade UniBRAS<\/title>\n<meta name=\"robots\" content=\"index, follow, max-snippet:-1, max-image-preview:large, max-video-preview:-1\" \/>\n<link rel=\"canonical\" href=\"https:\/\/faculdadeunibras.com.br\/maranhao\/academicos-de-direito-da-unibras-santa-ines-participam-da-aula-tecnica-sobre-tribunal-do-juri\/\" \/>\n<meta property=\"og:locale\" content=\"pt_BR\" \/>\n<meta property=\"og:type\" content=\"article\" \/>\n<meta property=\"og:title\" content=\"Acad\u00eamicos de Direito da UniBRAS Santa In\u00eas participam da aula t\u00e9cnica sobre Tribunal do J\u00fari - Faculdade UniBRAS\" \/>\n<meta property=\"og:description\" content=\"Na \u00faltima quarta-feira, dia 21 de setembro de 2023, os alunos do 8\u00ba per\u00edodo da Faculdade UniBRAS Santa In\u00eas tiveram a oportunidade de mergulhar na pr\u00e1tica jur\u00eddica durante uma enriquecedora Aula T\u00e9cnica sobre o Tribunal do J\u00fari. O projeto, desenvolvido pelo Prof. Erik Campos em parceria com a Coordenadora do Curso de Direito, Profa. Fl\u00e1via [&hellip;]\" \/>\n<meta property=\"og:url\" content=\"https:\/\/faculdadeunibras.com.br\/maranhao\/academicos-de-direito-da-unibras-santa-ines-participam-da-aula-tecnica-sobre-tribunal-do-juri\/\" \/>\n<meta property=\"og:site_name\" content=\"Faculdade UniBRAS\" \/>\n<meta property=\"article:published_time\" content=\"2023-10-01T15:19:53+00:00\" \/>\n<meta property=\"og:image\" content=\"https:\/\/faculdadeunibras.com.br\/maranhao\/wp-content\/uploads\/2023\/10\/Academicos-de-Direito-da-UniBRAS-Santa-Ines-participam-da-aula-tecnica-sobre-Tribunal-do-Juri-1.opti_.webp\" \/>\n\t<meta property=\"og:image:width\" content=\"1080\" \/>\n\t<meta property=\"og:image:height\" content=\"1080\" \/>\n\t<meta property=\"og:image:type\" content=\"image\/webp\" \/>\n<meta name=\"author\" content=\"leonardo\" \/>\n<meta name=\"twitter:card\" content=\"summary_large_image\" \/>\n<meta name=\"twitter:label1\" content=\"Escrito por\" \/>\n\t<meta name=\"twitter:data1\" content=\"leonardo\" \/>\n\t<meta name=\"twitter:label2\" content=\"Est. tempo de leitura\" \/>\n\t<meta name=\"twitter:data2\" content=\"2 minutos\" \/>\n<script type=\"application\/ld+json\" class=\"yoast-schema-graph\">{\"@context\":\"https:\/\/schema.org\",\"@graph\":[{\"@type\":\"WebPage\",\"@id\":\"https:\/\/faculdadeunibras.com.br\/maranhao\/academicos-de-direito-da-unibras-santa-ines-participam-da-aula-tecnica-sobre-tribunal-do-juri\/\",\"url\":\"https:\/\/faculdadeunibras.com.br\/maranhao\/academicos-de-direito-da-unibras-santa-ines-participam-da-aula-tecnica-sobre-tribunal-do-juri\/\",\"name\":\"Acad\u00eamicos de Direito da UniBRAS Santa In\u00eas participam da aula t\u00e9cnica sobre Tribunal do J\u00fari - Faculdade UniBRAS\",\"isPartOf\":{\"@id\":\"https:\/\/faculdadeunibras.com.br\/maranhao\/#website\"},\"primaryImageOfPage\":{\"@id\":\"https:\/\/faculdadeunibras.com.br\/maranhao\/academicos-de-direito-da-unibras-santa-ines-participam-da-aula-tecnica-sobre-tribunal-do-juri\/#primaryimage\"},\"image\":{\"@id\":\"https:\/\/faculdadeunibras.com.br\/maranhao\/academicos-de-direito-da-unibras-santa-ines-participam-da-aula-tecnica-sobre-tribunal-do-juri\/#primaryimage\"},\"thumbnailUrl\":\"https:\/\/faculdadeunibras.com.br\/maranhao\/wp-content\/uploads\/2023\/10\/Academicos-de-Direito-da-UniBRAS-Santa-Ines-participam-da-aula-tecnica-sobre-Tribunal-do-Juri-1.opti_.webp\",\"datePublished\":\"2023-10-01T15:19:53+00:00\",\"dateModified\":\"2023-10-01T15:19:53+00:00\",\"author\":{\"@id\":\"https:\/\/faculdadeunibras.com.br\/maranhao\/#\/schema\/person\/10e846fe5e82da432d8279f35460b7a7\"},\"breadcrumb\":{\"@id\":\"https:\/\/faculdadeunibras.com.br\/maranhao\/academicos-de-direito-da-unibras-santa-ines-participam-da-aula-tecnica-sobre-tribunal-do-juri\/#breadcrumb\"},\"inLanguage\":\"pt-BR\",\"potentialAction\":[{\"@type\":\"ReadAction\",\"target\":[\"https:\/\/faculdadeunibras.com.br\/maranhao\/academicos-de-direito-da-unibras-santa-ines-participam-da-aula-tecnica-sobre-tribunal-do-juri\/\"]}]},{\"@type\":\"ImageObject\",\"inLanguage\":\"pt-BR\",\"@id\":\"https:\/\/faculdadeunibras.com.br\/maranhao\/academicos-de-direito-da-unibras-santa-ines-participam-da-aula-tecnica-sobre-tribunal-do-juri\/#primaryimage\",\"url\":\"https:\/\/faculdadeunibras.com.br\/maranhao\/wp-content\/uploads\/2023\/10\/Academicos-de-Direito-da-UniBRAS-Santa-Ines-participam-da-aula-tecnica-sobre-Tribunal-do-Juri-1.opti_.webp\",\"contentUrl\":\"https:\/\/faculdadeunibras.com.br\/maranhao\/wp-content\/uploads\/2023\/10\/Academicos-de-Direito-da-UniBRAS-Santa-Ines-participam-da-aula-tecnica-sobre-Tribunal-do-Juri-1.opti_.webp\",\"width\":1080,\"height\":1080},{\"@type\":\"BreadcrumbList\",\"@id\":\"https:\/\/faculdadeunibras.com.br\/maranhao\/academicos-de-direito-da-unibras-santa-ines-participam-da-aula-tecnica-sobre-tribunal-do-juri\/#breadcrumb\",\"itemListElement\":[{\"@type\":\"ListItem\",\"position\":1,\"name\":\"In\u00edcio\",\"item\":\"https:\/\/faculdadeunibras.com.br\/maranhao\/\"},{\"@type\":\"ListItem\",\"position\":2,\"name\":\"Acad\u00eamicos de Direito da UniBRAS Santa In\u00eas participam da aula t\u00e9cnica sobre Tribunal do J\u00fari\"}]},{\"@type\":\"WebSite\",\"@id\":\"https:\/\/faculdadeunibras.com.br\/maranhao\/#website\",\"url\":\"https:\/\/faculdadeunibras.com.br\/maranhao\/\",\"name\":\"Faculdade UniBRAS\",\"description\":\"Maranh\u00e3o\",\"potentialAction\":[{\"@type\":\"SearchAction\",\"target\":{\"@type\":\"EntryPoint\",\"urlTemplate\":\"https:\/\/faculdadeunibras.com.br\/maranhao\/?s={search_term_string}\"},\"query-input\":\"required name=search_term_string\"}],\"inLanguage\":\"pt-BR\"},{\"@type\":\"Person\",\"@id\":\"https:\/\/faculdadeunibras.com.br\/maranhao\/#\/schema\/person\/10e846fe5e82da432d8279f35460b7a7\",\"name\":\"leonardo\",\"image\":{\"@type\":\"ImageObject\",\"inLanguage\":\"pt-BR\",\"@id\":\"https:\/\/faculdadeunibras.com.br\/maranhao\/#\/schema\/person\/image\/\",\"url\":\"https:\/\/secure.gravatar.com\/avatar\/ee29a7dcb5dd5926aa183374784a9e7c25ea9b24aaa6805604e0778a01af7f34?s=96&d=mm&r=g\",\"contentUrl\":\"https:\/\/secure.gravatar.com\/avatar\/ee29a7dcb5dd5926aa183374784a9e7c25ea9b24aaa6805604e0778a01af7f34?s=96&d=mm&r=g\",\"caption\":\"leonardo\"},\"sameAs\":[\"https:\/\/faculdadeunibras.com.br\/maranhao\"]}]}<\/script>\n<!-- \/ Yoast SEO plugin. -->","yoast_head_json":{"title":"Acad\u00eamicos de Direito da UniBRAS Santa In\u00eas participam da aula t\u00e9cnica sobre Tribunal do J\u00fari - Faculdade UniBRAS","robots":{"index":"index","follow":"follow","max-snippet":"max-snippet:-1","max-image-preview":"max-image-preview:large","max-video-preview":"max-video-preview:-1"},"canonical":"https:\/\/faculdadeunibras.com.br\/maranhao\/academicos-de-direito-da-unibras-santa-ines-participam-da-aula-tecnica-sobre-tribunal-do-juri\/","og_locale":"pt_BR","og_type":"article","og_title":"Acad\u00eamicos de Direito da UniBRAS Santa In\u00eas participam da aula t\u00e9cnica sobre Tribunal do J\u00fari - Faculdade UniBRAS","og_description":"Na \u00faltima quarta-feira, dia 21 de setembro de 2023, os alunos do 8\u00ba per\u00edodo da Faculdade UniBRAS Santa In\u00eas tiveram a oportunidade de mergulhar na pr\u00e1tica jur\u00eddica durante uma enriquecedora Aula T\u00e9cnica sobre o Tribunal do J\u00fari. O projeto, desenvolvido pelo Prof. Erik Campos em parceria com a Coordenadora do Curso de Direito, Profa. Fl\u00e1via [&hellip;]","og_url":"https:\/\/faculdadeunibras.com.br\/maranhao\/academicos-de-direito-da-unibras-santa-ines-participam-da-aula-tecnica-sobre-tribunal-do-juri\/","og_site_name":"Faculdade UniBRAS","article_published_time":"2023-10-01T15:19:53+00:00","og_image":[{"width":1080,"height":1080,"url":"https:\/\/faculdadeunibras.com.br\/maranhao\/wp-content\/uploads\/2023\/10\/Academicos-de-Direito-da-UniBRAS-Santa-Ines-participam-da-aula-tecnica-sobre-Tribunal-do-Juri-1.opti_.webp","type":"image\/webp"}],"author":"leonardo","twitter_card":"summary_large_image","twitter_misc":{"Escrito por":"leonardo","Est. tempo de leitura":"2 minutos"},"schema":{"@context":"https:\/\/schema.org","@graph":[{"@type":"WebPage","@id":"https:\/\/faculdadeunibras.com.br\/maranhao\/academicos-de-direito-da-unibras-santa-ines-participam-da-aula-tecnica-sobre-tribunal-do-juri\/","url":"https:\/\/faculdadeunibras.com.br\/maranhao\/academicos-de-direito-da-unibras-santa-ines-participam-da-aula-tecnica-sobre-tribunal-do-juri\/","name":"Acad\u00eamicos de Direito da UniBRAS Santa In\u00eas participam da aula t\u00e9cnica sobre Tribunal do J\u00fari - Faculdade UniBRAS","isPartOf":{"@id":"https:\/\/faculdadeunibras.com.br\/maranhao\/#website"},"primaryImageOfPage":{"@id":"https:\/\/faculdadeunibras.com.br\/maranhao\/academicos-de-direito-da-unibras-santa-ines-participam-da-aula-tecnica-sobre-tribunal-do-juri\/#primaryimage"},"image":{"@id":"https:\/\/faculdadeunibras.com.br\/maranhao\/academicos-de-direito-da-unibras-santa-ines-participam-da-aula-tecnica-sobre-tribunal-do-juri\/#primaryimage"},"thumbnailUrl":"https:\/\/faculdadeunibras.com.br\/maranhao\/wp-content\/uploads\/2023\/10\/Academicos-de-Direito-da-UniBRAS-Santa-Ines-participam-da-aula-tecnica-sobre-Tribunal-do-Juri-1.opti_.webp","datePublished":"2023-10-01T15:19:53+00:00","dateModified":"2023-10-01T15:19:53+00:00","author":{"@id":"https:\/\/faculdadeunibras.com.br\/maranhao\/#\/schema\/person\/10e846fe5e82da432d8279f35460b7a7"},"breadcrumb":{"@id":"https:\/\/faculdadeunibras.com.br\/maranhao\/academicos-de-direito-da-unibras-santa-ines-participam-da-aula-tecnica-sobre-tribunal-do-juri\/#breadcrumb"},"inLanguage":"pt-BR","potentialAction":[{"@type":"ReadAction","target":["https:\/\/faculdadeunibras.com.br\/maranhao\/academicos-de-direito-da-unibras-santa-ines-participam-da-aula-tecnica-sobre-tribunal-do-juri\/"]}]},{"@type":"ImageObject","inLanguage":"pt-BR","@id":"https:\/\/faculdadeunibras.com.br\/maranhao\/academicos-de-direito-da-unibras-santa-ines-participam-da-aula-tecnica-sobre-tribunal-do-juri\/#primaryimage","url":"https:\/\/faculdadeunibras.com.br\/maranhao\/wp-content\/uploads\/2023\/10\/Academicos-de-Direito-da-UniBRAS-Santa-Ines-participam-da-aula-tecnica-sobre-Tribunal-do-Juri-1.opti_.webp","contentUrl":"https:\/\/faculdadeunibras.com.br\/maranhao\/wp-content\/uploads\/2023\/10\/Academicos-de-Direito-da-UniBRAS-Santa-Ines-participam-da-aula-tecnica-sobre-Tribunal-do-Juri-1.opti_.webp","width":1080,"height":1080},{"@type":"BreadcrumbList","@id":"https:\/\/faculdadeunibras.com.br\/maranhao\/academicos-de-direito-da-unibras-santa-ines-participam-da-aula-tecnica-sobre-tribunal-do-juri\/#breadcrumb","itemListElement":[{"@type":"ListItem","position":1,"name":"In\u00edcio","item":"https:\/\/faculdadeunibras.com.br\/maranhao\/"},{"@type":"ListItem","position":2,"name":"Acad\u00eamicos de Direito da UniBRAS Santa In\u00eas participam da aula t\u00e9cnica sobre Tribunal do J\u00fari"}]},{"@type":"WebSite","@id":"https:\/\/faculdadeunibras.com.br\/maranhao\/#website","url":"https:\/\/faculdadeunibras.com.br\/maranhao\/","name":"Faculdade UniBRAS","description":"Maranh\u00e3o","potentialAction":[{"@type":"SearchAction","target":{"@type":"EntryPoint","urlTemplate":"https:\/\/faculdadeunibras.com.br\/maranhao\/?s={search_term_string}"},"query-input":"required name=search_term_string"}],"inLanguage":"pt-BR"},{"@type":"Person","@id":"https:\/\/faculdadeunibras.com.br\/maranhao\/#\/schema\/person\/10e846fe5e82da432d8279f35460b7a7","name":"leonardo","image":{"@type":"ImageObject","inLanguage":"pt-BR","@id":"https:\/\/faculdadeunibras.com.br\/maranhao\/#\/schema\/person\/image\/","url":"https:\/\/secure.gravatar.com\/avatar\/ee29a7dcb5dd5926aa183374784a9e7c25ea9b24aaa6805604e0778a01af7f34?s=96&d=mm&r=g","contentUrl":"https:\/\/secure.gravatar.com\/avatar\/ee29a7dcb5dd5926aa183374784a9e7c25ea9b24aaa6805604e0778a01af7f34?s=96&d=mm&r=g","caption":"leonardo"},"sameAs":["https:\/\/faculdadeunibras.com.br\/maranhao"]}]}},"_links":{"self":[{"href":"https:\/\/faculdadeunibras.com.br\/maranhao\/wp-json\/wp\/v2\/posts\/989083","targetHints":{"allow":["GET"]}}],"collection":[{"href":"https:\/\/faculdadeunibras.com.br\/maranhao\/wp-json\/wp\/v2\/posts"}],"about":[{"href":"https:\/\/faculdadeunibras.com.br\/maranhao\/wp-json\/wp\/v2\/types\/post"}],"author":[{"embeddable":true,"href":"https:\/\/faculdadeunibras.com.br\/maranhao\/wp-json\/wp\/v2\/users\/1"}],"replies":[{"embeddable":true,"href":"https:\/\/faculdadeunibras.com.br\/maranhao\/wp-json\/wp\/v2\/comments?post=989083"}],"version-history":[{"count":1,"href":"https:\/\/faculdadeunibras.com.br\/maranhao\/wp-json\/wp\/v2\/posts\/989083\/revisions"}],"predecessor-version":[{"id":989086,"href":"https:\/\/faculdadeunibras.com.br\/maranhao\/wp-json\/wp\/v2\/posts\/989083\/revisions\/989086"}],"wp:featuredmedia":[{"embeddable":true,"href":"https:\/\/faculdadeunibras.com.br\/maranhao\/wp-json\/wp\/v2\/media\/989085"}],"wp:attachment":[{"href":"https:\/\/faculdadeunibras.com.br\/maranhao\/wp-json\/wp\/v2\/media?parent=989083"}],"wp:term":[{"taxonomy":"category","embeddable":true,"href":"https:\/\/faculdadeunibras.com.br\/maranhao\/wp-json\/wp\/v2\/categories?post=989083"},{"taxonomy":"post_tag","embeddable":true,"href":"https:\/\/faculdadeunibras.com.br\/maranhao\/wp-json\/wp\/v2\/tags?post=989083"}],"curies":[{"name":"wp","href":"https:\/\/api.w.org\/{rel}","templated":true}]}}