{"id":989083,"date":"2023-10-01T12:26:14","date_gmt":"2023-10-01T15:26:14","guid":{"rendered":"https:\/\/faculdadeunibras.com.br\/quatromarcos\/?p=989083"},"modified":"2023-10-01T12:26:14","modified_gmt":"2023-10-01T15:26:14","slug":"unibras-quatro-marcos-promove-9a-edicao-da-semana-da-psicologia-com-foco-em-saude-mental-academica","status":"publish","type":"post","link":"https:\/\/faculdadeunibras.com.br\/quatromarcos\/unibras-quatro-marcos-promove-9a-edicao-da-semana-da-psicologia-com-foco-em-saude-mental-academica\/","title":{"rendered":"UniBRAS Quatro Marcos promove 9\u00aa Edi\u00e7\u00e3o da Semana da Psicologia com foco em sa\u00fade mental acad\u00eamica"},"content":{"rendered":"<p>Entre os dias 18 e 21 de setembro de 2023, a Faculdade UniBRAS Quatro Marcos realizou a nona edi\u00e7\u00e3o da &#8216;Semana da Psicologia&#8217;. Com o tema &#8220;Sa\u00fade Mental e Implica\u00e7\u00f5es Psicoacad\u00eamicas&#8221;, o evento buscou sensibilizar os acad\u00eamicos sobre a import\u00e2ncia do cuidado com sua sa\u00fade mental e psicossocial durante a jornada acad\u00eamica.<\/p>\n<p>A Semana da Psicologia contou com a ilustre participa\u00e7\u00e3o de Elvis Dutra, psic\u00f3logo e mestrando em psicologia pela UFMT, que compartilhou seus conhecimentos com os participantes. Durante os dois dias de sua presen\u00e7a, foram promovidas discuss\u00f5es e trocas de experi\u00eancias enriquecedoras.<\/p>\n<p>Al\u00e9m disso, o evento proporcionou dois dias de rodas de conversa sobre &#8220;Ansiedade Pr\u00e9-Provas e Gest\u00e3o de Tempo Acad\u00eamico&#8221;, conduzidas por grupos de trabalho formados pelos pr\u00f3prios estudantes do curso de psicologia. Essas rodas de conversa foram abertas a todos os acad\u00eamicos da UniBRAS, estimulando a integra\u00e7\u00e3o e a troca de experi\u00eancias entre alunos de diferentes cursos e semestres.<\/p>\n<p>Durante a Semana da Psicologia, foi destacada a exist\u00eancia do NAPA (N\u00facleo de Apoio Psicopedag\u00f3gico e Acessibilidade) na institui\u00e7\u00e3o, bem como os valiosos servi\u00e7os prestados pela CEAP (Cl\u00ednica Escola de Atendimento Psicol\u00f3gico).<\/p>\n<p>O evento refor\u00e7ou o compromisso da psicologia com a educa\u00e7\u00e3o, sa\u00fade e bem-estar dentro da institui\u00e7\u00e3o, proporcionando um ambiente prop\u00edcio para a discuss\u00e3o de temas relevantes e a promo\u00e7\u00e3o de uma jornada acad\u00eamica mais saud\u00e1vel e equilibrada. A Faculdade UniBRAS Quatro Marcos enxerga na sa\u00fade mental dos seus acad\u00eamicos um pilar fundamental para o sucesso educacional.<\/p>\n<p>&nbsp;<\/p>\n\n\t\t<style type=\"text\/css\">\n\t\t\t#gallery-1 {\n\t\t\t\tmargin: auto;\n\t\t\t}\n\t\t\t#gallery-1 .gallery-item {\n\t\t\t\tfloat: left;\n\t\t\t\tmargin-top: 10px;\n\t\t\t\ttext-align: center;\n\t\t\t\twidth: 33%;\n\t\t\t}\n\t\t\t#gallery-1 img {\n\t\t\t\tborder: 2px solid #cfcfcf;\n\t\t\t}\n\t\t\t#gallery-1 .gallery-caption {\n\t\t\t\tmargin-left: 0;\n\t\t\t}\n\t\t\t\/* see gallery_shortcode() in wp-includes\/media.php *\/\n\t\t<\/style>\n\t\t<div id='gallery-1' class='gallery galleryid-989083 gallery-columns-3 gallery-size-full'><dl class='gallery-item'>\n\t\t\t<dt class='gallery-icon landscape'>\n\t\t\t\t<img loading=\"lazy\" decoding=\"async\" width=\"1080\" height=\"1080\" src=\"https:\/\/faculdadeunibras.com.br\/quatromarcos\/wp-content\/uploads\/2023\/10\/UniBRAS-Quatro-Marcos-promove-9a-Edicao-da-Semana-da-Psicologia-com-foco-em-saude-mental-academica-2.opti_.webp\" class=\"attachment-full size-full\" alt=\"\" srcset=\"https:\/\/faculdadeunibras.com.br\/quatromarcos\/wp-content\/uploads\/2023\/10\/UniBRAS-Quatro-Marcos-promove-9a-Edicao-da-Semana-da-Psicologia-com-foco-em-saude-mental-academica-2.opti_.webp 1080w, https:\/\/faculdadeunibras.com.br\/quatromarcos\/wp-content\/uploads\/2023\/10\/UniBRAS-Quatro-Marcos-promove-9a-Edicao-da-Semana-da-Psicologia-com-foco-em-saude-mental-academica-2.opti_-980x980.webp 980w, https:\/\/faculdadeunibras.com.br\/quatromarcos\/wp-content\/uploads\/2023\/10\/UniBRAS-Quatro-Marcos-promove-9a-Edicao-da-Semana-da-Psicologia-com-foco-em-saude-mental-academica-2.opti_-480x480.webp 480w\" sizes=\"auto, (min-width: 0px) and (max-width: 480px) 480px, (min-width: 481px) and (max-width: 980px) 980px, (min-width: 981px) 1080px, 100vw\" \/>\n\t\t\t<\/dt><\/dl><dl class='gallery-item'>\n\t\t\t<dt class='gallery-icon landscape'>\n\t\t\t\t<img loading=\"lazy\" decoding=\"async\" width=\"1080\" height=\"1080\" src=\"https:\/\/faculdadeunibras.com.br\/quatromarcos\/wp-content\/uploads\/2023\/10\/UniBRAS-Quatro-Marcos-promove-9a-Edicao-da-Semana-da-Psicologia-com-foco-em-saude-mental-academica-3.opti_.webp\" class=\"attachment-full size-full\" alt=\"\" srcset=\"https:\/\/faculdadeunibras.com.br\/quatromarcos\/wp-content\/uploads\/2023\/10\/UniBRAS-Quatro-Marcos-promove-9a-Edicao-da-Semana-da-Psicologia-com-foco-em-saude-mental-academica-3.opti_.webp 1080w, https:\/\/faculdadeunibras.com.br\/quatromarcos\/wp-content\/uploads\/2023\/10\/UniBRAS-Quatro-Marcos-promove-9a-Edicao-da-Semana-da-Psicologia-com-foco-em-saude-mental-academica-3.opti_-980x980.webp 980w, https:\/\/faculdadeunibras.com.br\/quatromarcos\/wp-content\/uploads\/2023\/10\/UniBRAS-Quatro-Marcos-promove-9a-Edicao-da-Semana-da-Psicologia-com-foco-em-saude-mental-academica-3.opti_-480x480.webp 480w\" sizes=\"auto, (min-width: 0px) and (max-width: 480px) 480px, (min-width: 481px) and (max-width: 980px) 980px, (min-width: 981px) 1080px, 100vw\" \/>\n\t\t\t<\/dt><\/dl><dl class='gallery-item'>\n\t\t\t<dt class='gallery-icon landscape'>\n\t\t\t\t<img loading=\"lazy\" decoding=\"async\" width=\"1080\" height=\"1080\" src=\"https:\/\/faculdadeunibras.com.br\/quatromarcos\/wp-content\/uploads\/2023\/10\/UniBRAS-Quatro-Marcos-promove-9a-Edicao-da-Semana-da-Psicologia-com-foco-em-saude-mental-academica-4.opti_.webp\" class=\"attachment-full size-full\" alt=\"\" srcset=\"https:\/\/faculdadeunibras.com.br\/quatromarcos\/wp-content\/uploads\/2023\/10\/UniBRAS-Quatro-Marcos-promove-9a-Edicao-da-Semana-da-Psicologia-com-foco-em-saude-mental-academica-4.opti_.webp 1080w, https:\/\/faculdadeunibras.com.br\/quatromarcos\/wp-content\/uploads\/2023\/10\/UniBRAS-Quatro-Marcos-promove-9a-Edicao-da-Semana-da-Psicologia-com-foco-em-saude-mental-academica-4.opti_-980x980.webp 980w, https:\/\/faculdadeunibras.com.br\/quatromarcos\/wp-content\/uploads\/2023\/10\/UniBRAS-Quatro-Marcos-promove-9a-Edicao-da-Semana-da-Psicologia-com-foco-em-saude-mental-academica-4.opti_-480x480.webp 480w\" sizes=\"auto, (min-width: 0px) and (max-width: 480px) 480px, (min-width: 481px) and (max-width: 980px) 980px, (min-width: 981px) 1080px, 100vw\" \/>\n\t\t\t<\/dt><\/dl><br style=\"clear: both\" \/><dl class='gallery-item'>\n\t\t\t<dt class='gallery-icon landscape'>\n\t\t\t\t<img loading=\"lazy\" decoding=\"async\" width=\"1080\" height=\"1080\" src=\"https:\/\/faculdadeunibras.com.br\/quatromarcos\/wp-content\/uploads\/2023\/10\/UniBRAS-Quatro-Marcos-promove-9a-Edicao-da-Semana-da-Psicologia-com-foco-em-saude-mental-academica-5.opti_.webp\" class=\"attachment-full size-full\" alt=\"\" srcset=\"https:\/\/faculdadeunibras.com.br\/quatromarcos\/wp-content\/uploads\/2023\/10\/UniBRAS-Quatro-Marcos-promove-9a-Edicao-da-Semana-da-Psicologia-com-foco-em-saude-mental-academica-5.opti_.webp 1080w, https:\/\/faculdadeunibras.com.br\/quatromarcos\/wp-content\/uploads\/2023\/10\/UniBRAS-Quatro-Marcos-promove-9a-Edicao-da-Semana-da-Psicologia-com-foco-em-saude-mental-academica-5.opti_-980x980.webp 980w, https:\/\/faculdadeunibras.com.br\/quatromarcos\/wp-content\/uploads\/2023\/10\/UniBRAS-Quatro-Marcos-promove-9a-Edicao-da-Semana-da-Psicologia-com-foco-em-saude-mental-academica-5.opti_-480x480.webp 480w\" sizes=\"auto, (min-width: 0px) and (max-width: 480px) 480px, (min-width: 481px) and (max-width: 980px) 980px, (min-width: 981px) 1080px, 100vw\" \/>\n\t\t\t<\/dt><\/dl><dl class='gallery-item'>\n\t\t\t<dt class='gallery-icon landscape'>\n\t\t\t\t<img loading=\"lazy\" decoding=\"async\" width=\"1080\" height=\"1080\" src=\"https:\/\/faculdadeunibras.com.br\/quatromarcos\/wp-content\/uploads\/2023\/10\/UniBRAS-Quatro-Marcos-promove-9a-Edicao-da-Semana-da-Psicologia-com-foco-em-saude-mental-academica-6.opti_.webp\" class=\"attachment-full size-full\" alt=\"\" srcset=\"https:\/\/faculdadeunibras.com.br\/quatromarcos\/wp-content\/uploads\/2023\/10\/UniBRAS-Quatro-Marcos-promove-9a-Edicao-da-Semana-da-Psicologia-com-foco-em-saude-mental-academica-6.opti_.webp 1080w, https:\/\/faculdadeunibras.com.br\/quatromarcos\/wp-content\/uploads\/2023\/10\/UniBRAS-Quatro-Marcos-promove-9a-Edicao-da-Semana-da-Psicologia-com-foco-em-saude-mental-academica-6.opti_-980x980.webp 980w, https:\/\/faculdadeunibras.com.br\/quatromarcos\/wp-content\/uploads\/2023\/10\/UniBRAS-Quatro-Marcos-promove-9a-Edicao-da-Semana-da-Psicologia-com-foco-em-saude-mental-academica-6.opti_-480x480.webp 480w\" sizes=\"auto, (min-width: 0px) and (max-width: 480px) 480px, (min-width: 481px) and (max-width: 980px) 980px, (min-width: 981px) 1080px, 100vw\" \/>\n\t\t\t<\/dt><\/dl><dl class='gallery-item'>\n\t\t\t<dt class='gallery-icon landscape'>\n\t\t\t\t<img loading=\"lazy\" decoding=\"async\" width=\"1080\" height=\"1080\" src=\"https:\/\/faculdadeunibras.com.br\/quatromarcos\/wp-content\/uploads\/2023\/10\/UniBRAS-Quatro-Marcos-promove-9a-Edicao-da-Semana-da-Psicologia-com-foco-em-saude-mental-academica-7.opti_.webp\" class=\"attachment-full size-full\" alt=\"\" srcset=\"https:\/\/faculdadeunibras.com.br\/quatromarcos\/wp-content\/uploads\/2023\/10\/UniBRAS-Quatro-Marcos-promove-9a-Edicao-da-Semana-da-Psicologia-com-foco-em-saude-mental-academica-7.opti_.webp 1080w, https:\/\/faculdadeunibras.com.br\/quatromarcos\/wp-content\/uploads\/2023\/10\/UniBRAS-Quatro-Marcos-promove-9a-Edicao-da-Semana-da-Psicologia-com-foco-em-saude-mental-academica-7.opti_-980x980.webp 980w, https:\/\/faculdadeunibras.com.br\/quatromarcos\/wp-content\/uploads\/2023\/10\/UniBRAS-Quatro-Marcos-promove-9a-Edicao-da-Semana-da-Psicologia-com-foco-em-saude-mental-academica-7.opti_-480x480.webp 480w\" sizes=\"auto, (min-width: 0px) and (max-width: 480px) 480px, (min-width: 481px) and (max-width: 980px) 980px, (min-width: 981px) 1080px, 100vw\" \/>\n\t\t\t<\/dt><\/dl><br style=\"clear: both\" \/><dl class='gallery-item'>\n\t\t\t<dt class='gallery-icon landscape'>\n\t\t\t\t<img loading=\"lazy\" decoding=\"async\" width=\"1080\" height=\"1080\" src=\"https:\/\/faculdadeunibras.com.br\/quatromarcos\/wp-content\/uploads\/2023\/10\/UniBRAS-Quatro-Marcos-promove-9a-Edicao-da-Semana-da-Psicologia-com-foco-em-saude-mental-academica-8.opti_.webp\" class=\"attachment-full size-full\" alt=\"\" srcset=\"https:\/\/faculdadeunibras.com.br\/quatromarcos\/wp-content\/uploads\/2023\/10\/UniBRAS-Quatro-Marcos-promove-9a-Edicao-da-Semana-da-Psicologia-com-foco-em-saude-mental-academica-8.opti_.webp 1080w, https:\/\/faculdadeunibras.com.br\/quatromarcos\/wp-content\/uploads\/2023\/10\/UniBRAS-Quatro-Marcos-promove-9a-Edicao-da-Semana-da-Psicologia-com-foco-em-saude-mental-academica-8.opti_-980x980.webp 980w, https:\/\/faculdadeunibras.com.br\/quatromarcos\/wp-content\/uploads\/2023\/10\/UniBRAS-Quatro-Marcos-promove-9a-Edicao-da-Semana-da-Psicologia-com-foco-em-saude-mental-academica-8.opti_-480x480.webp 480w\" sizes=\"auto, (min-width: 0px) and (max-width: 480px) 480px, (min-width: 481px) and (max-width: 980px) 980px, (min-width: 981px) 1080px, 100vw\" \/>\n\t\t\t<\/dt><\/dl><dl class='gallery-item'>\n\t\t\t<dt class='gallery-icon landscape'>\n\t\t\t\t<img loading=\"lazy\" decoding=\"async\" width=\"1080\" height=\"1080\" src=\"https:\/\/faculdadeunibras.com.br\/quatromarcos\/wp-content\/uploads\/2023\/10\/UniBRAS-Quatro-Marcos-promove-9a-Edicao-da-Semana-da-Psicologia-com-foco-em-saude-mental-academica-9.opti_.webp\" class=\"attachment-full size-full\" alt=\"\" srcset=\"https:\/\/faculdadeunibras.com.br\/quatromarcos\/wp-content\/uploads\/2023\/10\/UniBRAS-Quatro-Marcos-promove-9a-Edicao-da-Semana-da-Psicologia-com-foco-em-saude-mental-academica-9.opti_.webp 1080w, https:\/\/faculdadeunibras.com.br\/quatromarcos\/wp-content\/uploads\/2023\/10\/UniBRAS-Quatro-Marcos-promove-9a-Edicao-da-Semana-da-Psicologia-com-foco-em-saude-mental-academica-9.opti_-980x980.webp 980w, https:\/\/faculdadeunibras.com.br\/quatromarcos\/wp-content\/uploads\/2023\/10\/UniBRAS-Quatro-Marcos-promove-9a-Edicao-da-Semana-da-Psicologia-com-foco-em-saude-mental-academica-9.opti_-480x480.webp 480w\" sizes=\"auto, (min-width: 0px) and (max-width: 480px) 480px, (min-width: 481px) and (max-width: 980px) 980px, (min-width: 981px) 1080px, 100vw\" \/>\n\t\t\t<\/dt><\/dl><dl class='gallery-item'>\n\t\t\t<dt class='gallery-icon landscape'>\n\t\t\t\t<img loading=\"lazy\" decoding=\"async\" width=\"1080\" height=\"1080\" src=\"https:\/\/faculdadeunibras.com.br\/quatromarcos\/wp-content\/uploads\/2023\/10\/UniBRAS-Quatro-Marcos-promove-9a-Edicao-da-Semana-da-Psicologia-com-foco-em-saude-mental-academica-10.opti_.webp\" class=\"attachment-full size-full\" alt=\"\" srcset=\"https:\/\/faculdadeunibras.com.br\/quatromarcos\/wp-content\/uploads\/2023\/10\/UniBRAS-Quatro-Marcos-promove-9a-Edicao-da-Semana-da-Psicologia-com-foco-em-saude-mental-academica-10.opti_.webp 1080w, https:\/\/faculdadeunibras.com.br\/quatromarcos\/wp-content\/uploads\/2023\/10\/UniBRAS-Quatro-Marcos-promove-9a-Edicao-da-Semana-da-Psicologia-com-foco-em-saude-mental-academica-10.opti_-980x980.webp 980w, https:\/\/faculdadeunibras.com.br\/quatromarcos\/wp-content\/uploads\/2023\/10\/UniBRAS-Quatro-Marcos-promove-9a-Edicao-da-Semana-da-Psicologia-com-foco-em-saude-mental-academica-10.opti_-480x480.webp 480w\" sizes=\"auto, (min-width: 0px) and (max-width: 480px) 480px, (min-width: 481px) and (max-width: 980px) 980px, (min-width: 981px) 1080px, 100vw\" \/>\n\t\t\t<\/dt><\/dl><br style=\"clear: both\" \/>\n\t\t<\/div>\n\n","protected":false},"excerpt":{"rendered":"<p>Entre os dias 18 e 21 de setembro de 2023, a Faculdade UniBRAS Quatro Marcos realizou a nona edi\u00e7\u00e3o da &#8216;Semana da Psicologia&#8217;. Com o tema &#8220;Sa\u00fade Mental e Implica\u00e7\u00f5es Psicoacad\u00eamicas&#8221;, o evento buscou sensibilizar os acad\u00eamicos sobre a import\u00e2ncia do cuidado com sua sa\u00fade mental e psicossocial durante a jornada acad\u00eamica. A Semana da [&hellip;]<\/p>\n","protected":false},"author":1,"featured_media":989089,"comment_status":"open","ping_status":"open","sticky":false,"template":"","format":"standard","meta":{"_et_pb_use_builder":"","_et_pb_old_content":"","_et_gb_content_width":"","footnotes":""},"categories":[12],"tags":[],"class_list":["post-989083","post","type-post","status-publish","format-standard","has-post-thumbnail","hentry","category-educacao"],"yoast_head":"<!-- This site is optimized with the Yoast SEO plugin v23.2 - https:\/\/yoast.com\/wordpress\/plugins\/seo\/ -->\n<title>UniBRAS Quatro Marcos promove 9\u00aa Edi\u00e7\u00e3o da Semana da Psicologia com foco em sa\u00fade mental acad\u00eamica - Faculdade UniBRAS<\/title>\n<meta name=\"robots\" content=\"index, follow, max-snippet:-1, max-image-preview:large, max-video-preview:-1\" \/>\n<link rel=\"canonical\" href=\"https:\/\/faculdadeunibras.com.br\/quatromarcos\/unibras-quatro-marcos-promove-9a-edicao-da-semana-da-psicologia-com-foco-em-saude-mental-academica\/\" \/>\n<meta property=\"og:locale\" content=\"pt_BR\" \/>\n<meta property=\"og:type\" content=\"article\" \/>\n<meta property=\"og:title\" content=\"UniBRAS Quatro Marcos promove 9\u00aa Edi\u00e7\u00e3o da Semana da Psicologia com foco em sa\u00fade mental acad\u00eamica - Faculdade UniBRAS\" \/>\n<meta property=\"og:description\" content=\"Entre os dias 18 e 21 de setembro de 2023, a Faculdade UniBRAS Quatro Marcos realizou a nona edi\u00e7\u00e3o da &#8216;Semana da Psicologia&#8217;. Com o tema &#8220;Sa\u00fade Mental e Implica\u00e7\u00f5es Psicoacad\u00eamicas&#8221;, o evento buscou sensibilizar os acad\u00eamicos sobre a import\u00e2ncia do cuidado com sua sa\u00fade mental e psicossocial durante a jornada acad\u00eamica. A Semana da [&hellip;]\" \/>\n<meta property=\"og:url\" content=\"https:\/\/faculdadeunibras.com.br\/quatromarcos\/unibras-quatro-marcos-promove-9a-edicao-da-semana-da-psicologia-com-foco-em-saude-mental-academica\/\" \/>\n<meta property=\"og:site_name\" content=\"Faculdade UniBRAS\" \/>\n<meta property=\"article:published_time\" content=\"2023-10-01T15:26:14+00:00\" \/>\n<meta property=\"og:image\" content=\"https:\/\/faculdadeunibras.com.br\/quatromarcos\/wp-content\/uploads\/2023\/10\/UniBRAS-Quatro-Marcos-promove-9a-Edicao-da-Semana-da-Psicologia-com-foco-em-saude-mental-academica-5.opti_.webp\" \/>\n\t<meta property=\"og:image:width\" content=\"1080\" \/>\n\t<meta property=\"og:image:height\" content=\"1080\" \/>\n\t<meta property=\"og:image:type\" content=\"image\/webp\" \/>\n<meta name=\"author\" content=\"leonardo\" \/>\n<meta name=\"twitter:card\" content=\"summary_large_image\" \/>\n<meta name=\"twitter:label1\" content=\"Escrito por\" \/>\n\t<meta name=\"twitter:data1\" content=\"leonardo\" \/>\n\t<meta name=\"twitter:label2\" content=\"Est. tempo de leitura\" \/>\n\t<meta name=\"twitter:data2\" content=\"2 minutos\" \/>\n<script type=\"application\/ld+json\" class=\"yoast-schema-graph\">{\"@context\":\"https:\/\/schema.org\",\"@graph\":[{\"@type\":\"WebPage\",\"@id\":\"https:\/\/faculdadeunibras.com.br\/quatromarcos\/unibras-quatro-marcos-promove-9a-edicao-da-semana-da-psicologia-com-foco-em-saude-mental-academica\/\",\"url\":\"https:\/\/faculdadeunibras.com.br\/quatromarcos\/unibras-quatro-marcos-promove-9a-edicao-da-semana-da-psicologia-com-foco-em-saude-mental-academica\/\",\"name\":\"UniBRAS Quatro Marcos promove 9\u00aa Edi\u00e7\u00e3o da Semana da Psicologia com foco em sa\u00fade mental acad\u00eamica - Faculdade UniBRAS\",\"isPartOf\":{\"@id\":\"https:\/\/faculdadeunibras.com.br\/quatromarcos\/#website\"},\"primaryImageOfPage\":{\"@id\":\"https:\/\/faculdadeunibras.com.br\/quatromarcos\/unibras-quatro-marcos-promove-9a-edicao-da-semana-da-psicologia-com-foco-em-saude-mental-academica\/#primaryimage\"},\"image\":{\"@id\":\"https:\/\/faculdadeunibras.com.br\/quatromarcos\/unibras-quatro-marcos-promove-9a-edicao-da-semana-da-psicologia-com-foco-em-saude-mental-academica\/#primaryimage\"},\"thumbnailUrl\":\"https:\/\/faculdadeunibras.com.br\/quatromarcos\/wp-content\/uploads\/2023\/10\/UniBRAS-Quatro-Marcos-promove-9a-Edicao-da-Semana-da-Psicologia-com-foco-em-saude-mental-academica-5.opti_.webp\",\"datePublished\":\"2023-10-01T15:26:14+00:00\",\"dateModified\":\"2023-10-01T15:26:14+00:00\",\"author\":{\"@id\":\"https:\/\/faculdadeunibras.com.br\/quatromarcos\/#\/schema\/person\/dd0e39eb4bdbd6915848efcb1900b613\"},\"breadcrumb\":{\"@id\":\"https:\/\/faculdadeunibras.com.br\/quatromarcos\/unibras-quatro-marcos-promove-9a-edicao-da-semana-da-psicologia-com-foco-em-saude-mental-academica\/#breadcrumb\"},\"inLanguage\":\"pt-BR\",\"potentialAction\":[{\"@type\":\"ReadAction\",\"target\":[\"https:\/\/faculdadeunibras.com.br\/quatromarcos\/unibras-quatro-marcos-promove-9a-edicao-da-semana-da-psicologia-com-foco-em-saude-mental-academica\/\"]}]},{\"@type\":\"ImageObject\",\"inLanguage\":\"pt-BR\",\"@id\":\"https:\/\/faculdadeunibras.com.br\/quatromarcos\/unibras-quatro-marcos-promove-9a-edicao-da-semana-da-psicologia-com-foco-em-saude-mental-academica\/#primaryimage\",\"url\":\"https:\/\/faculdadeunibras.com.br\/quatromarcos\/wp-content\/uploads\/2023\/10\/UniBRAS-Quatro-Marcos-promove-9a-Edicao-da-Semana-da-Psicologia-com-foco-em-saude-mental-academica-5.opti_.webp\",\"contentUrl\":\"https:\/\/faculdadeunibras.com.br\/quatromarcos\/wp-content\/uploads\/2023\/10\/UniBRAS-Quatro-Marcos-promove-9a-Edicao-da-Semana-da-Psicologia-com-foco-em-saude-mental-academica-5.opti_.webp\",\"width\":1080,\"height\":1080},{\"@type\":\"BreadcrumbList\",\"@id\":\"https:\/\/faculdadeunibras.com.br\/quatromarcos\/unibras-quatro-marcos-promove-9a-edicao-da-semana-da-psicologia-com-foco-em-saude-mental-academica\/#breadcrumb\",\"itemListElement\":[{\"@type\":\"ListItem\",\"position\":1,\"name\":\"Home\",\"item\":\"https:\/\/faculdadeunibras.com.br\/quatromarcos\/\"},{\"@type\":\"ListItem\",\"position\":2,\"name\":\"UniBRAS Quatro Marcos promove 9\u00aa Edi\u00e7\u00e3o da Semana da Psicologia com foco em sa\u00fade mental acad\u00eamica\"}]},{\"@type\":\"WebSite\",\"@id\":\"https:\/\/faculdadeunibras.com.br\/quatromarcos\/#website\",\"url\":\"https:\/\/faculdadeunibras.com.br\/quatromarcos\/\",\"name\":\"Faculdade UniBRAS\",\"description\":\"Quatro Marcos\",\"potentialAction\":[{\"@type\":\"SearchAction\",\"target\":{\"@type\":\"EntryPoint\",\"urlTemplate\":\"https:\/\/faculdadeunibras.com.br\/quatromarcos\/?s={search_term_string}\"},\"query-input\":\"required name=search_term_string\"}],\"inLanguage\":\"pt-BR\"},{\"@type\":\"Person\",\"@id\":\"https:\/\/faculdadeunibras.com.br\/quatromarcos\/#\/schema\/person\/dd0e39eb4bdbd6915848efcb1900b613\",\"name\":\"leonardo\",\"image\":{\"@type\":\"ImageObject\",\"inLanguage\":\"pt-BR\",\"@id\":\"https:\/\/faculdadeunibras.com.br\/quatromarcos\/#\/schema\/person\/image\/\",\"url\":\"https:\/\/secure.gravatar.com\/avatar\/aa217932fdcfffdd56c7906d211783fc?s=96&d=mm&r=g\",\"contentUrl\":\"https:\/\/secure.gravatar.com\/avatar\/aa217932fdcfffdd56c7906d211783fc?s=96&d=mm&r=g\",\"caption\":\"leonardo\"},\"sameAs\":[\"https:\/\/faculdadeunibras.com.br\/quatromarcos\"]}]}<\/script>\n<!-- \/ Yoast SEO plugin. -->","yoast_head_json":{"title":"UniBRAS Quatro Marcos promove 9\u00aa Edi\u00e7\u00e3o da Semana da Psicologia com foco em sa\u00fade mental acad\u00eamica - Faculdade UniBRAS","robots":{"index":"index","follow":"follow","max-snippet":"max-snippet:-1","max-image-preview":"max-image-preview:large","max-video-preview":"max-video-preview:-1"},"canonical":"https:\/\/faculdadeunibras.com.br\/quatromarcos\/unibras-quatro-marcos-promove-9a-edicao-da-semana-da-psicologia-com-foco-em-saude-mental-academica\/","og_locale":"pt_BR","og_type":"article","og_title":"UniBRAS Quatro Marcos promove 9\u00aa Edi\u00e7\u00e3o da Semana da Psicologia com foco em sa\u00fade mental acad\u00eamica - Faculdade UniBRAS","og_description":"Entre os dias 18 e 21 de setembro de 2023, a Faculdade UniBRAS Quatro Marcos realizou a nona edi\u00e7\u00e3o da &#8216;Semana da Psicologia&#8217;. Com o tema &#8220;Sa\u00fade Mental e Implica\u00e7\u00f5es Psicoacad\u00eamicas&#8221;, o evento buscou sensibilizar os acad\u00eamicos sobre a import\u00e2ncia do cuidado com sua sa\u00fade mental e psicossocial durante a jornada acad\u00eamica. A Semana da [&hellip;]","og_url":"https:\/\/faculdadeunibras.com.br\/quatromarcos\/unibras-quatro-marcos-promove-9a-edicao-da-semana-da-psicologia-com-foco-em-saude-mental-academica\/","og_site_name":"Faculdade UniBRAS","article_published_time":"2023-10-01T15:26:14+00:00","og_image":[{"width":1080,"height":1080,"url":"https:\/\/faculdadeunibras.com.br\/quatromarcos\/wp-content\/uploads\/2023\/10\/UniBRAS-Quatro-Marcos-promove-9a-Edicao-da-Semana-da-Psicologia-com-foco-em-saude-mental-academica-5.opti_.webp","type":"image\/webp"}],"author":"leonardo","twitter_card":"summary_large_image","twitter_misc":{"Escrito por":"leonardo","Est. tempo de leitura":"2 minutos"},"schema":{"@context":"https:\/\/schema.org","@graph":[{"@type":"WebPage","@id":"https:\/\/faculdadeunibras.com.br\/quatromarcos\/unibras-quatro-marcos-promove-9a-edicao-da-semana-da-psicologia-com-foco-em-saude-mental-academica\/","url":"https:\/\/faculdadeunibras.com.br\/quatromarcos\/unibras-quatro-marcos-promove-9a-edicao-da-semana-da-psicologia-com-foco-em-saude-mental-academica\/","name":"UniBRAS Quatro Marcos promove 9\u00aa Edi\u00e7\u00e3o da Semana da Psicologia com foco em sa\u00fade mental acad\u00eamica - Faculdade UniBRAS","isPartOf":{"@id":"https:\/\/faculdadeunibras.com.br\/quatromarcos\/#website"},"primaryImageOfPage":{"@id":"https:\/\/faculdadeunibras.com.br\/quatromarcos\/unibras-quatro-marcos-promove-9a-edicao-da-semana-da-psicologia-com-foco-em-saude-mental-academica\/#primaryimage"},"image":{"@id":"https:\/\/faculdadeunibras.com.br\/quatromarcos\/unibras-quatro-marcos-promove-9a-edicao-da-semana-da-psicologia-com-foco-em-saude-mental-academica\/#primaryimage"},"thumbnailUrl":"https:\/\/faculdadeunibras.com.br\/quatromarcos\/wp-content\/uploads\/2023\/10\/UniBRAS-Quatro-Marcos-promove-9a-Edicao-da-Semana-da-Psicologia-com-foco-em-saude-mental-academica-5.opti_.webp","datePublished":"2023-10-01T15:26:14+00:00","dateModified":"2023-10-01T15:26:14+00:00","author":{"@id":"https:\/\/faculdadeunibras.com.br\/quatromarcos\/#\/schema\/person\/dd0e39eb4bdbd6915848efcb1900b613"},"breadcrumb":{"@id":"https:\/\/faculdadeunibras.com.br\/quatromarcos\/unibras-quatro-marcos-promove-9a-edicao-da-semana-da-psicologia-com-foco-em-saude-mental-academica\/#breadcrumb"},"inLanguage":"pt-BR","potentialAction":[{"@type":"ReadAction","target":["https:\/\/faculdadeunibras.com.br\/quatromarcos\/unibras-quatro-marcos-promove-9a-edicao-da-semana-da-psicologia-com-foco-em-saude-mental-academica\/"]}]},{"@type":"ImageObject","inLanguage":"pt-BR","@id":"https:\/\/faculdadeunibras.com.br\/quatromarcos\/unibras-quatro-marcos-promove-9a-edicao-da-semana-da-psicologia-com-foco-em-saude-mental-academica\/#primaryimage","url":"https:\/\/faculdadeunibras.com.br\/quatromarcos\/wp-content\/uploads\/2023\/10\/UniBRAS-Quatro-Marcos-promove-9a-Edicao-da-Semana-da-Psicologia-com-foco-em-saude-mental-academica-5.opti_.webp","contentUrl":"https:\/\/faculdadeunibras.com.br\/quatromarcos\/wp-content\/uploads\/2023\/10\/UniBRAS-Quatro-Marcos-promove-9a-Edicao-da-Semana-da-Psicologia-com-foco-em-saude-mental-academica-5.opti_.webp","width":1080,"height":1080},{"@type":"BreadcrumbList","@id":"https:\/\/faculdadeunibras.com.br\/quatromarcos\/unibras-quatro-marcos-promove-9a-edicao-da-semana-da-psicologia-com-foco-em-saude-mental-academica\/#breadcrumb","itemListElement":[{"@type":"ListItem","position":1,"name":"Home","item":"https:\/\/faculdadeunibras.com.br\/quatromarcos\/"},{"@type":"ListItem","position":2,"name":"UniBRAS Quatro Marcos promove 9\u00aa Edi\u00e7\u00e3o da Semana da Psicologia com foco em sa\u00fade mental acad\u00eamica"}]},{"@type":"WebSite","@id":"https:\/\/faculdadeunibras.com.br\/quatromarcos\/#website","url":"https:\/\/faculdadeunibras.com.br\/quatromarcos\/","name":"Faculdade UniBRAS","description":"Quatro Marcos","potentialAction":[{"@type":"SearchAction","target":{"@type":"EntryPoint","urlTemplate":"https:\/\/faculdadeunibras.com.br\/quatromarcos\/?s={search_term_string}"},"query-input":"required name=search_term_string"}],"inLanguage":"pt-BR"},{"@type":"Person","@id":"https:\/\/faculdadeunibras.com.br\/quatromarcos\/#\/schema\/person\/dd0e39eb4bdbd6915848efcb1900b613","name":"leonardo","image":{"@type":"ImageObject","inLanguage":"pt-BR","@id":"https:\/\/faculdadeunibras.com.br\/quatromarcos\/#\/schema\/person\/image\/","url":"https:\/\/secure.gravatar.com\/avatar\/aa217932fdcfffdd56c7906d211783fc?s=96&d=mm&r=g","contentUrl":"https:\/\/secure.gravatar.com\/avatar\/aa217932fdcfffdd56c7906d211783fc?s=96&d=mm&r=g","caption":"leonardo"},"sameAs":["https:\/\/faculdadeunibras.com.br\/quatromarcos"]}]}},"_links":{"self":[{"href":"https:\/\/faculdadeunibras.com.br\/quatromarcos\/wp-json\/wp\/v2\/posts\/989083","targetHints":{"allow":["GET"]}}],"collection":[{"href":"https:\/\/faculdadeunibras.com.br\/quatromarcos\/wp-json\/wp\/v2\/posts"}],"about":[{"href":"https:\/\/faculdadeunibras.com.br\/quatromarcos\/wp-json\/wp\/v2\/types\/post"}],"author":[{"embeddable":true,"href":"https:\/\/faculdadeunibras.com.br\/quatromarcos\/wp-json\/wp\/v2\/users\/1"}],"replies":[{"embeddable":true,"href":"https:\/\/faculdadeunibras.com.br\/quatromarcos\/wp-json\/wp\/v2\/comments?post=989083"}],"version-history":[{"count":1,"href":"https:\/\/faculdadeunibras.com.br\/quatromarcos\/wp-json\/wp\/v2\/posts\/989083\/revisions"}],"predecessor-version":[{"id":989093,"href":"https:\/\/faculdadeunibras.com.br\/quatromarcos\/wp-json\/wp\/v2\/posts\/989083\/revisions\/989093"}],"wp:featuredmedia":[{"embeddable":true,"href":"https:\/\/faculdadeunibras.com.br\/quatromarcos\/wp-json\/wp\/v2\/media\/989089"}],"wp:attachment":[{"href":"https:\/\/faculdadeunibras.com.br\/quatromarcos\/wp-json\/wp\/v2\/media?parent=989083"}],"wp:term":[{"taxonomy":"category","embeddable":true,"href":"https:\/\/faculdadeunibras.com.br\/quatromarcos\/wp-json\/wp\/v2\/categories?post=989083"},{"taxonomy":"post_tag","embeddable":true,"href":"https:\/\/faculdadeunibras.com.br\/quatromarcos\/wp-json\/wp\/v2\/tags?post=989083"}],"curies":[{"name":"wp","href":"https:\/\/api.w.org\/{rel}","templated":true}]}}