{"id":993331,"date":"2026-04-28T16:58:37","date_gmt":"2026-04-28T19:58:37","guid":{"rendered":"https:\/\/faculdadeunibras.com.br\/santaines\/?p=993331"},"modified":"2026-04-28T16:58:37","modified_gmt":"2026-04-28T19:58:37","slug":"economia-verde-4-carreiras-voltadas-para-a-questao-ambiental","status":"publish","type":"post","link":"https:\/\/faculdadeunibras.com.br\/santaines\/economia-verde-4-carreiras-voltadas-para-a-questao-ambiental\/","title":{"rendered":"Economia verde:\u202f4\u202fcarreiras\u202fvoltadas para a quest\u00e3o ambiental"},"content":{"rendered":"<p><i><span data-contrast=\"none\">Novas profiss\u00f5es com foco em sustentabilidade\u202ft\u00eam alta demanda\u202fmotivada\u202fpor escassez de m\u00e3o de obra<\/span><\/i><span data-ccp-props=\"{&quot;134233117&quot;:false,&quot;134233118&quot;:false,&quot;201341983&quot;:0,&quot;335559738&quot;:0,&quot;335559739&quot;:120,&quot;335559740&quot;:240}\">\u00a0<\/span><\/p>\n<p><span data-contrast=\"none\">Com o planeta chegando ao limite\u202fe a mudan\u00e7a clim\u00e1tica cada vez mais agressiva,\u202f\u00e9 crescente\u202fa preocupa\u00e7\u00e3o das iniciativas p\u00fablica e privada\u202fem debaterem\u202festrat\u00e9gias\u202fde\u202fsustentabilidade\u202fe mitiga\u00e7\u00e3o de danos socioambientais. Nesse contexto\u202fsurge\u202fuma\u202fforte demanda por profissionais especialistas nessa transi\u00e7\u00e3o,\u202fum movimento que os\u202feconomistas\u202fapontam como\u202feconomia\u202fverde.<\/span><span data-ccp-props=\"{&quot;134233117&quot;:false,&quot;134233118&quot;:false,&quot;201341983&quot;:0,&quot;335559738&quot;:0,&quot;335559739&quot;:120,&quot;335559740&quot;:240}\">\u00a0<\/span><\/p>\n<p><span data-contrast=\"none\">Os\u202fprofissionais\u202fda nova\u202feconomia verde desempenhamfun\u00e7\u00f5es no sentido de\u202fapontar melhorias na gest\u00e3o ambiental de empresas e governos, implementar a\u00e7\u00f5es de transi\u00e7\u00e3o energ\u00e9tica e\u202fde\u202fsustentabilidade, al\u00e9m de assessorar\u202finstitui\u00e7\u00f5es quanto ao cumprimento de medidas\u202flegais a respeito de legisla\u00e7\u00f5es ambientais.\u202fCom o aumento da demanda, \u00e9 natural que essas carreiras tamb\u00e9m estejam em alta.<\/span><span data-ccp-props=\"{&quot;134233117&quot;:false,&quot;134233118&quot;:false,&quot;201341983&quot;:0,&quot;335559738&quot;:0,&quot;335559739&quot;:120,&quot;335559740&quot;:240}\">\u00a0<\/span><\/p>\n<p><span data-contrast=\"none\">Essas vagas, tamb\u00e9m chamadas de \u201cempregos verdes\u201d,\u202ftem como alicerce comum as pr\u00e1ticas de ESG, sigla inglesa para\u202f<\/span><i><span data-contrast=\"none\">Environmental, Social\u202fand\u202fGovernance<\/span><\/i><span data-contrast=\"none\">\u202f\u2013\u202fem portugu\u00eas\u202fambiental, social e governan\u00e7a. Esse conceito\u202fbusca\u202festipular\u202fregras e padr\u00f5es\u202fpara\u202fboas pr\u00e1ticas\u202fvoltadas ao desenvolvimento sustent\u00e1vel,\u202fsocial e administrativo das empresas.<\/span><span data-ccp-props=\"{&quot;134233117&quot;:false,&quot;134233118&quot;:false,&quot;201341983&quot;:0,&quot;335559738&quot;:0,&quot;335559739&quot;:120,&quot;335559740&quot;:240}\">\u00a0<\/span><\/p>\n<p><span data-contrast=\"none\">O\u202fcrescimento\u202fda economia verde j\u00e1\u202fmovimenta\u202fcerca de 5 trilh\u00f5es de d\u00f3lares\u202fanuais\u202fno mundo todo, e deve subir\u202fpara\u202f7 trilh\u00f5es em 2030. As cifras s\u00e3o apontadas\u202fpor\u202fum\u202festudo\u202fconjunto\u202fdo\u202fF\u00f3rum Econ\u00f4mico\u202fMundial\u202f(WEF) e do\u202f<\/span><i><span data-contrast=\"none\">Boston Consulting\u202fGroup<\/span><\/i><span data-contrast=\"none\">\u202f(BCG).\u202fEssa forte demanda vem acompanhada do risco de escassez de m\u00e3o de obra, j\u00e1 que\u202fainda\u202fh\u00e1 lentid\u00e3o\u202fna forma\u00e7\u00e3o de profissionais voltados a essa \u00e1rea.<\/span><span data-ccp-props=\"{&quot;134233117&quot;:false,&quot;134233118&quot;:false,&quot;201341983&quot;:0,&quot;335559738&quot;:0,&quot;335559739&quot;:120,&quot;335559740&quot;:240}\">\u00a0<\/span><\/p>\n<p><span data-contrast=\"none\">O docente\u202fe pedagogo\u202fRafael Moreira explica\u202fque h\u00e1 uma necessidade crescente\u202fde se atrelar todos os n\u00edveis do ensino a projetos verdes e\u202fde\u202fsustentabilidade.\u202fEle aponta que dentro da pr\u00f3pria Pedagogia\u202fh\u00e1 mat\u00e9rias espec\u00edficas voltadas para essa abordagem. Para ele,\u202ftrata-se\u202fde\u202fuma\u202fquest\u00e3o de compromisso com a responsabilidade socioambiental.\u202f<\/span><span data-ccp-props=\"{&quot;134233117&quot;:false,&quot;134233118&quot;:false,&quot;201341983&quot;:0,&quot;335559738&quot;:0,&quot;335559739&quot;:120,&quot;335559740&quot;:240}\">\u00a0<\/span><\/p>\n<p><span data-contrast=\"none\">&#8220;Hoje o pr\u00f3prio Minist\u00e9rio da Educa\u00e7\u00e3o, dentro das \u00e1reas transversais do ensino, j\u00e1 exige que os cursos abordem temas\u202fambientais. Come\u00e7a no ensino b\u00e1sico e passa para o ensino superior, onde os alunos j\u00e1 chegam com uma certa forma\u00e7\u00e3o ambiental.\u202fJ\u00e1\u202f\u00e9 n\u00edtida\u202fa necessidade\u202fde\u202fmaior foco nessa tem\u00e1tica&#8221;, argumenta.<\/span><span data-ccp-props=\"{&quot;134233117&quot;:false,&quot;134233118&quot;:false,&quot;201341983&quot;:0,&quot;335559738&quot;:0,&quot;335559739&quot;:120,&quot;335559740&quot;:240}\">\u00a0<\/span><\/p>\n<p><span data-contrast=\"none\">E\u202fengana-se quem pensa que somente pessoas com gradua\u00e7\u00e3o espec\u00edfica para a \u00e1rea ambiental podem\u202fse beneficiar do crescimento da economia verde.\u202fH\u00e1 diversas carreiras que parecem distantes de temas do meio ambiente,\u202fmas\u202fque na verdade\u202fpodem ser de grande potencial para esse nicho, bastando apenas se especializar na quest\u00e3o\u202fda sustentabilidade.\u202f<\/span><span data-ccp-props=\"{&quot;134233117&quot;:false,&quot;134233118&quot;:false,&quot;201341983&quot;:0,&quot;335559738&quot;:0,&quot;335559739&quot;:120,&quot;335559740&quot;:240}\">\u00a0<\/span><\/p>\n<p><span data-contrast=\"none\">\u00c9 justamente com o prop\u00f3sito de expandir as perspectivas profissionais de estudantes e egressos que deixamos\u202fabaixo algumas sugest\u00f5es de\u202f\u00e1reas de\u202fdemanda\u202fna\u202feconomia verde.\u202fVale\u202flembrar\u202fainda\u202fque, mesmo\u202fque\u202fdeterminadas\u00a0\u00e1reas n\u00e3o estejam voltadas para esse nicho,\u202fo letramento e pensamento cr\u00edtico em rela\u00e7\u00e3o a tem\u00e1tica ambiental\u202f\u2013\u202fou\u202f<\/span><i><span data-contrast=\"none\">green\u202fskills<\/span><\/i><span data-contrast=\"none\">\u202f-\u202fs\u00e3o uma exig\u00eancia cada\u202fvez\u202fmais comum no mercado de trabalho.\u202f<\/span><span data-ccp-props=\"{&quot;134233117&quot;:false,&quot;134233118&quot;:false,&quot;201341983&quot;:0,&quot;335559738&quot;:0,&quot;335559739&quot;:120,&quot;335559740&quot;:240}\">\u00a0<\/span><\/p>\n<p><b><span data-contrast=\"none\">Direito Ambiental<\/span><\/b><span data-ccp-props=\"{&quot;134233117&quot;:false,&quot;134233118&quot;:false,&quot;201341983&quot;:0,&quot;335559738&quot;:0,&quot;335559739&quot;:120,&quot;335559740&quot;:240}\">\u00a0<\/span><\/p>\n<p><span data-contrast=\"none\">Estudantes e egressos do curso de Direito\u202ft\u00eam um\u202fgrande leque de possibilidades e \u00e1reas de atua\u00e7\u00e3o ao\u202fsa\u00edrem\u202fdo ensino superior, mas poucos deles optam\u202fpor uma carreira\u202fcom nicho espec\u00edfico na economia verde. \u00c9 que com o maior desenvolvimento da consci\u00eancia ambiental\u202fsurge\u202ftamb\u00e9m\u202fum\u202faperfei\u00e7oamento da legisla\u00e7\u00e3o, e\u202fcom isso\u202fmaior necessidade de conformidade por parte das institui\u00e7\u00f5es.<\/span><span data-ccp-props=\"{&quot;134233117&quot;:false,&quot;134233118&quot;:false,&quot;201341983&quot;:0,&quot;335559738&quot;:0,&quot;335559739&quot;:120,&quot;335559740&quot;:240}\">\u00a0<\/span><\/p>\n<p><span data-contrast=\"none\">Como operadores do Direito,\u202fesses profissionais s\u00e3o respons\u00e1veis por verificar o cumprimento da legisla\u00e7\u00e3o ambiental, atuar\u202fem processos\u202fem defesa da institui\u00e7\u00e3o\u202fe\u202ftamb\u00e9m\u202fna regulariza\u00e7\u00e3o de terrenos conforme as adequa\u00e7\u00f5es necess\u00e1rias.\u202fO profissional tamb\u00e9m pode atuar na preven\u00e7\u00e3o de risco e\u202fcompliance.<\/span><span data-ccp-props=\"{&quot;134233117&quot;:false,&quot;134233118&quot;:false,&quot;201341983&quot;:0,&quot;335559738&quot;:0,&quot;335559739&quot;:120,&quot;335559740&quot;:240}\">\u00a0<\/span><\/p>\n<p><span data-contrast=\"none\">Al\u00e9m de ser um colaborador de empresas,\u202fo especialista em Direito Ambiental tamb\u00e9m pode\u202foptar por ser um\u202fprofissional liberal com carteira de clientes e escrit\u00f3rio pr\u00f3prio, al\u00e9m de prestar consultorias a empresas p\u00fablicas e privadas.<\/span><span data-ccp-props=\"{&quot;134233117&quot;:false,&quot;134233118&quot;:false,&quot;201341983&quot;:0,&quot;335559738&quot;:0,&quot;335559739&quot;:120,&quot;335559740&quot;:240}\">\u00a0<\/span><\/p>\n<p><span data-contrast=\"none\">Para atuar na \u00e1rea, \u00e9 preciso se especializar\u202fna legisla\u00e7\u00e3o ambiental por meio de p\u00f3s-gradua\u00e7\u00e3o. Buscar vagas em\u202fescrit\u00f3rios especialistas tamb\u00e9m \u00e9 uma excelente op\u00e7\u00e3o para adquirir conhecimento sobre o tema\u202fou colocar em pr\u00e1tica o conhecimento adquirido.<\/span><span data-ccp-props=\"{&quot;134233117&quot;:false,&quot;134233118&quot;:false,&quot;201341983&quot;:0,&quot;335559738&quot;:0,&quot;335559739&quot;:120,&quot;335559740&quot;:240}\">\u00a0<\/span><\/p>\n<p><b><span data-contrast=\"none\">Gerente de sustentabilidade<\/span><\/b><span data-ccp-props=\"{&quot;134233117&quot;:false,&quot;134233118&quot;:false,&quot;201341983&quot;:0,&quot;335559738&quot;:0,&quot;335559739&quot;:120,&quot;335559740&quot;:240}\">\u00a0<\/span><\/p>\n<p><span data-contrast=\"none\">Se a nova tend\u00eancia \u00e9 voltada\u202fa pr\u00e1ticas de ESG, talvez a institui\u00e7\u00e3o precise mesmo\u202f\u00e9 de um gerente de sustentabilidade. Mais do que\u202fsomente preparar a empresa para a legisla\u00e7\u00e3o ambiental, esse profissional \u00e9 respons\u00e1vel por fazer com que todos os departamentos da empresa estejam alinhados com os novos valores de sustentabilidade exigidos pelo mercado.\u202f<\/span><span data-ccp-props=\"{&quot;134233117&quot;:false,&quot;134233118&quot;:false,&quot;201341983&quot;:0,&quot;335559738&quot;:0,&quot;335559739&quot;:120,&quot;335559740&quot;:240}\">\u00a0<\/span><\/p>\n<p><span data-contrast=\"none\">O foco do gerente de sustentabilidade\u202fest\u00e1 na preserva\u00e7\u00e3o de recursos, redu\u00e7\u00e3o de danos ambientais,\u202faten\u00e7\u00e3o na pegada de carbono\u202fe no engajamento\u202fdos colaboradores e \u00e1reas\u202fda institui\u00e7\u00e3o\u202fcomo um todo. Al\u00e9m\u202fdisso,\u202fessa carreira tamb\u00e9m \u00e9 voltada para o monitoramento\u202fconstante dos indicadores ambientais, al\u00e9m da cria\u00e7\u00e3o e implementa\u00e7\u00e3o\u202fde pol\u00edticas de sustentabilidade\u202feficazes.<\/span><span data-ccp-props=\"{&quot;134233117&quot;:false,&quot;134233118&quot;:false,&quot;201341983&quot;:0,&quot;335559738&quot;:0,&quot;335559739&quot;:120,&quot;335559740&quot;:240}\">\u00a0<\/span><\/p>\n<p><span data-contrast=\"none\">A forma\u00e7\u00e3o da carreira est\u00e1 entre uma das\u202fmais vers\u00e1teis da economia verde, passando por \u00e1reas de engenharia,\u202fbiologia, recursos humanos e administra\u00e7\u00e3o.\u202f\u00c9 crucial que o profissional conte com especializa\u00e7\u00e3o na \u00e1rea ambiental.\u202f<\/span><span data-ccp-props=\"{&quot;134233117&quot;:false,&quot;134233118&quot;:false,&quot;201341983&quot;:0,&quot;335559738&quot;:0,&quot;335559739&quot;:120,&quot;335559740&quot;:240}\">\u00a0<\/span><\/p>\n<p><b><span data-contrast=\"none\">Analista de investimentos sustent\u00e1veis<\/span><\/b><span data-ccp-props=\"{&quot;134233117&quot;:false,&quot;134233118&quot;:false,&quot;201341983&quot;:0,&quot;335559738&quot;:0,&quot;335559739&quot;:120,&quot;335559740&quot;:240}\">\u00a0<\/span><\/p>\n<p><span data-contrast=\"none\">Investimentos\u202ffinanceiros\u202fv\u00eam sempre acompanhados\u202fderiscos,\u202fnecessidade de\u202festudos de mercado e tomadas de\u202fdecis\u00e3o. \u00c9 nesse cen\u00e1rio que o analista\u202fde\u202finvestimentossustent\u00e1veis \u2013 ou de ESG \u2013 atua.\u202fEle\u202fpossibilita\u202fque\u202fsua institui\u00e7\u00e3o tome as melhores escolhas\u202frelacionadas\u202fa\u202fquest\u00f5es sociais e de sustentabilidade, sem descuidar \u00e9 claro do equil\u00edbrio\u202ffinanceiro.\u202f<\/span><span data-ccp-props=\"{&quot;134233117&quot;:false,&quot;134233118&quot;:false,&quot;201341983&quot;:0,&quot;335559738&quot;:0,&quot;335559739&quot;:120,&quot;335559740&quot;:240}\">\u00a0<\/span><\/p>\n<p><span data-contrast=\"none\">Com um profundo conhecimento do mercado financeiro e empresarial, essa carreira tem por objetivo m\u00e1ximo\u202fzelar para que os ativos financeiros da\u202fempresa\u00a0estejam\u202fintimamentealinhados com seus valores e objetivos socioambientais.\u202fO foco est\u00e1 no gerenciamento de riscos e no surgimento de\u202foportunidades,\u202fem um momento em que os investidores est\u00e3o cada vez mais\u202fatentos a valores\u202fsustent\u00e1veis.<\/span><span data-ccp-props=\"{&quot;134233117&quot;:false,&quot;134233118&quot;:false,&quot;201341983&quot;:0,&quot;335559738&quot;:0,&quot;335559739&quot;:120,&quot;335559740&quot;:240}\">\u00a0<\/span><\/p>\n<p><span data-contrast=\"none\">A ideia\u202f\u00e9 justamente fugir do senso comum de que as m\u00e9tricas financeiras s\u00e3o sempre\u202fantag\u00f4nicas aos valores ambientais,\u202falinhando essas vertentes e\u202festando de acordo com as\u202fnovasperspectivas\u202fe\u202fpr\u00e1ticas ecol\u00f3gicas.\u202fO objetivo \u00e9 a\u202fcria\u00e7\u00e3o\u202fde valores\u202fa longo prazo, al\u00e9m da aten\u00e7\u00e3o\u202f\u00e0s m\u00e9tricas internas e novas exig\u00eancias externas.\u202f<\/span><span data-ccp-props=\"{&quot;134233117&quot;:false,&quot;134233118&quot;:false,&quot;201341983&quot;:0,&quot;335559738&quot;:0,&quot;335559739&quot;:120,&quot;335559740&quot;:240}\">\u00a0<\/span><\/p>\n<p><span data-contrast=\"none\">Para atuar como analista de investimentos sustent\u00e1veis, as forma\u00e7\u00f5es mais comuns s\u00e3o administra\u00e7\u00e3o, direito,\u202fci\u00eancias cont\u00e1beis ou engenharia. Para al\u00e9m da gradua\u00e7\u00e3o, o profissional precisa\u202fde\u202fespecializa\u00e7\u00e3o em quest\u00f5es ambientais e muito conhecimento no setor de investimentos.<\/span><span data-ccp-props=\"{&quot;134233117&quot;:false,&quot;134233118&quot;:false,&quot;201341983&quot;:0,&quot;335559738&quot;:0,&quot;335559739&quot;:120,&quot;335559740&quot;:240}\">\u00a0<\/span><\/p>\n<p><b><span data-contrast=\"none\">Eco-constru\u00e7\u00e3o<\/span><\/b><span data-ccp-props=\"{&quot;134233117&quot;:false,&quot;134233118&quot;:false,&quot;201341983&quot;:0,&quot;335559738&quot;:0,&quot;335559739&quot;:120,&quot;335559740&quot;:240}\">\u00a0<\/span><\/p>\n<p><span data-contrast=\"none\">O setor da constru\u00e7\u00e3o n\u00e3o est\u00e1\u202falheio aos impactos ambientais,\u202fprincipalmente com a gest\u00e3o de res\u00edduos, materiais construtivos\u202fe\u202fpr\u00e1ticas de constru\u00e7\u00e3o e engenharia. Para al\u00e9m\u202fdessas exig\u00eancias, a efici\u00eancia energ\u00e9tica dessas\u202fnovas constru\u00e7\u00f5es \u00e9 fundamental\u202fno contexto\u202fdasustentabilidade,\u202fassim como a\u202feconomia de \u00e1gua tamb\u00e9m \u00e9 crucial.<\/span><span data-ccp-props=\"{&quot;134233117&quot;:false,&quot;134233118&quot;:false,&quot;201341983&quot;:0,&quot;335559738&quot;:0,&quot;335559739&quot;:120,&quot;335559740&quot;:240}\">\u00a0<\/span><\/p>\n<p><span data-contrast=\"none\">Nessa perspectiva, engenheiros, construtores e arquitetos s\u00e3o convidados a se especializarem na economia\u202fverde, buscando novas alternativas\u202fpara a\u202fconstru\u00e7\u00e3o de casas e edif\u00edcios alinhados \u00e0s novas exig\u00eancias ambientais, financeiras e de gest\u00e3o de recursos.\u202f<\/span><span data-ccp-props=\"{&quot;134233117&quot;:false,&quot;134233118&quot;:false,&quot;201341983&quot;:0,&quot;335559738&quot;:0,&quot;335559739&quot;:120,&quot;335559740&quot;:240}\">\u00a0<\/span><\/p>\n<p><span data-contrast=\"none\">O uso de materiais ecol\u00f3gicos\u202f\u00e9 um dos pilares\u202fda\u202feco-constru\u00e7\u00e3o,\u202fcom foco\u202fem\u202felementos dur\u00e1veis ou reciclados e recicl\u00e1veis. O tijolo ecol\u00f3gico\u202f\u00e9 um excelente aliado para essa finalidade.\u202fAs t\u00e9cnicas de ilumina\u00e7\u00e3o\u202ftamb\u00e9m s\u00e3o centrais nesse quesito, j\u00e1 que um ambiente bem iluminadonaturalmente e\u202fcom\u202fo\u202fuso de l\u00e2mpadas econ\u00f4micas coincidem para um menor impacto energ\u00e9tico.\u202f<\/span><span data-ccp-props=\"{&quot;134233117&quot;:false,&quot;134233118&quot;:false,&quot;201341983&quot;:0,&quot;335559738&quot;:0,&quot;335559739&quot;:120,&quot;335559740&quot;:240}\">\u00a0<\/span><\/p>\n<p><span data-contrast=\"none\">A instala\u00e7\u00e3o de\u202fpain\u00e9is\u202fde vidro fotovoltaicos\u202fpara a gera\u00e7\u00e3o de energia\u202fsolar auxilia\u202ftanto na energia limpa quanto na economia de custos.\u202fAl\u00e9m disso, pensar em ambientes naturalmente confort\u00e1veis tanto em dias frios quanto quentes diminui a necessidade de climatizadores, um dos grandes vil\u00f5es quando o assunto \u00e9 sustentabilidade.\u202f<\/span><span data-ccp-props=\"{&quot;134233117&quot;:false,&quot;134233118&quot;:false,&quot;201341983&quot;:0,&quot;335559738&quot;:0,&quot;335559739&quot;:120,&quot;335559740&quot;:240}\">\u00a0<\/span><\/p>\n<p><span data-contrast=\"none\">J\u00e1 na parte da constru\u00e7\u00e3o,\u202f\u00e9\u202fimportante\u202foptar por t\u00e9cnicas\u202fcom\u202fmelhor aproveitamento\u202fde recursos\u202fe economia de \u00e1gua e energia.\u202fTodos esses detalhes\u202frequerem\u202fmuita\u202faten\u00e7\u00e3o profissional, o que abre uma\u202fgrande\u202fdemanda por\u202fcarreiras alinhadas \u00e0 constru\u00e7\u00e3o.\u202fTudo come\u00e7a por escolher uma boa especializa\u00e7\u00e3o e buscar\u202fconhecimento te\u00f3rico\u202fe pr\u00e1tico.<\/span><i><span data-contrast=\"none\">\u202f(Texto: Bruno Corr\u00eaa \u2013 Assessoria de Comunica\u00e7\u00e3o\u202fEcossistema Bras Educacional)<\/span><\/i><span data-ccp-props=\"{&quot;134233117&quot;:false,&quot;134233118&quot;:false,&quot;201341983&quot;:0,&quot;335559738&quot;:0,&quot;335559739&quot;:120,&quot;335559740&quot;:240}\">\u00a0<\/span><\/p>\n","protected":false},"excerpt":{"rendered":"<p>Novas profiss\u00f5es com foco em sustentabilidade\u202ft\u00eam alta demanda\u202fmotivada\u202fpor escassez de m\u00e3o de obra\u00a0 Com o planeta chegando ao limite\u202fe a mudan\u00e7a clim\u00e1tica cada vez mais agressiva,\u202f\u00e9 crescente\u202fa preocupa\u00e7\u00e3o das iniciativas p\u00fablica e privada\u202fem debaterem\u202festrat\u00e9gias\u202fde\u202fsustentabilidade\u202fe mitiga\u00e7\u00e3o de danos socioambientais. Nesse contexto\u202fsurge\u202fuma\u202fforte demanda por profissionais especialistas nessa transi\u00e7\u00e3o,\u202fum movimento que os\u202feconomistas\u202fapontam como\u202feconomia\u202fverde.\u00a0 Os\u202fprofissionais\u202fda nova\u202feconomia verde desempenhamfun\u00e7\u00f5es no [&hellip;]<\/p>\n","protected":false},"author":1,"featured_media":993332,"comment_status":"closed","ping_status":"closed","sticky":false,"template":"","format":"standard","meta":{"_et_pb_use_builder":"","_et_pb_old_content":"","_et_gb_content_width":"","footnotes":""},"categories":[33],"tags":[],"class_list":["post-993331","post","type-post","status-publish","format-standard","has-post-thumbnail","hentry","category-dicas"],"yoast_head":"<!-- This site is optimized with the Yoast SEO plugin v23.2 - https:\/\/yoast.com\/wordpress\/plugins\/seo\/ -->\n<title>Economia verde:\u202f4\u202fcarreiras\u202fvoltadas para a quest\u00e3o ambiental - Faculdade UniBRAS<\/title>\n<meta name=\"robots\" content=\"index, follow, max-snippet:-1, max-image-preview:large, max-video-preview:-1\" \/>\n<link rel=\"canonical\" href=\"https:\/\/faculdadeunibras.com.br\/santaines\/economia-verde-4-carreiras-voltadas-para-a-questao-ambiental\/\" \/>\n<meta property=\"og:locale\" content=\"pt_BR\" \/>\n<meta property=\"og:type\" content=\"article\" \/>\n<meta property=\"og:title\" content=\"Economia verde:\u202f4\u202fcarreiras\u202fvoltadas para a quest\u00e3o ambiental - Faculdade UniBRAS\" \/>\n<meta property=\"og:description\" content=\"Novas profiss\u00f5es com foco em sustentabilidade\u202ft\u00eam alta demanda\u202fmotivada\u202fpor escassez de m\u00e3o de obra\u00a0 Com o planeta chegando ao limite\u202fe a mudan\u00e7a clim\u00e1tica cada vez mais agressiva,\u202f\u00e9 crescente\u202fa preocupa\u00e7\u00e3o das iniciativas p\u00fablica e privada\u202fem debaterem\u202festrat\u00e9gias\u202fde\u202fsustentabilidade\u202fe mitiga\u00e7\u00e3o de danos socioambientais. Nesse contexto\u202fsurge\u202fuma\u202fforte demanda por profissionais especialistas nessa transi\u00e7\u00e3o,\u202fum movimento que os\u202feconomistas\u202fapontam como\u202feconomia\u202fverde.\u00a0 Os\u202fprofissionais\u202fda nova\u202feconomia verde desempenhamfun\u00e7\u00f5es no [&hellip;]\" \/>\n<meta property=\"og:url\" content=\"https:\/\/faculdadeunibras.com.br\/santaines\/economia-verde-4-carreiras-voltadas-para-a-questao-ambiental\/\" \/>\n<meta property=\"og:site_name\" content=\"Faculdade UniBRAS\" \/>\n<meta property=\"article:published_time\" content=\"2026-04-28T19:58:37+00:00\" \/>\n<meta property=\"og:image\" content=\"https:\/\/faculdadeunibras.com.br\/santaines\/wp-content\/uploads\/2026\/04\/front-view-coins-stacked-dirt-with-plants.opti_-scaled.webp\" \/>\n\t<meta property=\"og:image:width\" content=\"2560\" \/>\n\t<meta property=\"og:image:height\" content=\"1707\" \/>\n\t<meta property=\"og:image:type\" content=\"image\/webp\" \/>\n<meta name=\"author\" content=\"leonardo\" \/>\n<meta name=\"twitter:card\" content=\"summary_large_image\" \/>\n<meta name=\"twitter:label1\" content=\"Escrito por\" \/>\n\t<meta name=\"twitter:data1\" content=\"leonardo\" \/>\n\t<meta name=\"twitter:label2\" content=\"Est. tempo de leitura\" \/>\n\t<meta name=\"twitter:data2\" content=\"8 minutos\" \/>\n<script type=\"application\/ld+json\" class=\"yoast-schema-graph\">{\"@context\":\"https:\/\/schema.org\",\"@graph\":[{\"@type\":\"WebPage\",\"@id\":\"https:\/\/faculdadeunibras.com.br\/santaines\/economia-verde-4-carreiras-voltadas-para-a-questao-ambiental\/\",\"url\":\"https:\/\/faculdadeunibras.com.br\/santaines\/economia-verde-4-carreiras-voltadas-para-a-questao-ambiental\/\",\"name\":\"Economia verde:\u202f4\u202fcarreiras\u202fvoltadas para a quest\u00e3o ambiental - Faculdade UniBRAS\",\"isPartOf\":{\"@id\":\"https:\/\/faculdadeunibras.com.br\/santaines\/#website\"},\"primaryImageOfPage\":{\"@id\":\"https:\/\/faculdadeunibras.com.br\/santaines\/economia-verde-4-carreiras-voltadas-para-a-questao-ambiental\/#primaryimage\"},\"image\":{\"@id\":\"https:\/\/faculdadeunibras.com.br\/santaines\/economia-verde-4-carreiras-voltadas-para-a-questao-ambiental\/#primaryimage\"},\"thumbnailUrl\":\"https:\/\/faculdadeunibras.com.br\/santaines\/wp-content\/uploads\/2026\/04\/front-view-coins-stacked-dirt-with-plants.opti_-scaled.webp\",\"datePublished\":\"2026-04-28T19:58:37+00:00\",\"dateModified\":\"2026-04-28T19:58:37+00:00\",\"author\":{\"@id\":\"https:\/\/faculdadeunibras.com.br\/santaines\/#\/schema\/person\/1feca593f357e1185212541affb00697\"},\"breadcrumb\":{\"@id\":\"https:\/\/faculdadeunibras.com.br\/santaines\/economia-verde-4-carreiras-voltadas-para-a-questao-ambiental\/#breadcrumb\"},\"inLanguage\":\"pt-BR\",\"potentialAction\":[{\"@type\":\"ReadAction\",\"target\":[\"https:\/\/faculdadeunibras.com.br\/santaines\/economia-verde-4-carreiras-voltadas-para-a-questao-ambiental\/\"]}]},{\"@type\":\"ImageObject\",\"inLanguage\":\"pt-BR\",\"@id\":\"https:\/\/faculdadeunibras.com.br\/santaines\/economia-verde-4-carreiras-voltadas-para-a-questao-ambiental\/#primaryimage\",\"url\":\"https:\/\/faculdadeunibras.com.br\/santaines\/wp-content\/uploads\/2026\/04\/front-view-coins-stacked-dirt-with-plants.opti_-scaled.webp\",\"contentUrl\":\"https:\/\/faculdadeunibras.com.br\/santaines\/wp-content\/uploads\/2026\/04\/front-view-coins-stacked-dirt-with-plants.opti_-scaled.webp\",\"width\":2560,\"height\":1707},{\"@type\":\"BreadcrumbList\",\"@id\":\"https:\/\/faculdadeunibras.com.br\/santaines\/economia-verde-4-carreiras-voltadas-para-a-questao-ambiental\/#breadcrumb\",\"itemListElement\":[{\"@type\":\"ListItem\",\"position\":1,\"name\":\"In\u00edcio\",\"item\":\"https:\/\/faculdadeunibras.com.br\/santaines\/\"},{\"@type\":\"ListItem\",\"position\":2,\"name\":\"Economia verde:\u202f4\u202fcarreiras\u202fvoltadas para a quest\u00e3o ambiental\"}]},{\"@type\":\"WebSite\",\"@id\":\"https:\/\/faculdadeunibras.com.br\/santaines\/#website\",\"url\":\"https:\/\/faculdadeunibras.com.br\/santaines\/\",\"name\":\"Faculdade UniBRAS\",\"description\":\"Santa In\u00eas\",\"potentialAction\":[{\"@type\":\"SearchAction\",\"target\":{\"@type\":\"EntryPoint\",\"urlTemplate\":\"https:\/\/faculdadeunibras.com.br\/santaines\/?s={search_term_string}\"},\"query-input\":\"required name=search_term_string\"}],\"inLanguage\":\"pt-BR\"},{\"@type\":\"Person\",\"@id\":\"https:\/\/faculdadeunibras.com.br\/santaines\/#\/schema\/person\/1feca593f357e1185212541affb00697\",\"name\":\"leonardo\",\"image\":{\"@type\":\"ImageObject\",\"inLanguage\":\"pt-BR\",\"@id\":\"https:\/\/faculdadeunibras.com.br\/santaines\/#\/schema\/person\/image\/\",\"url\":\"https:\/\/secure.gravatar.com\/avatar\/aa217932fdcfffdd56c7906d211783fc?s=96&d=mm&r=g\",\"contentUrl\":\"https:\/\/secure.gravatar.com\/avatar\/aa217932fdcfffdd56c7906d211783fc?s=96&d=mm&r=g\",\"caption\":\"leonardo\"},\"sameAs\":[\"https:\/\/faculdadeunibras.com.br\/santaines\"]}]}<\/script>\n<!-- \/ Yoast SEO plugin. -->","yoast_head_json":{"title":"Economia verde:\u202f4\u202fcarreiras\u202fvoltadas para a quest\u00e3o ambiental - Faculdade UniBRAS","robots":{"index":"index","follow":"follow","max-snippet":"max-snippet:-1","max-image-preview":"max-image-preview:large","max-video-preview":"max-video-preview:-1"},"canonical":"https:\/\/faculdadeunibras.com.br\/santaines\/economia-verde-4-carreiras-voltadas-para-a-questao-ambiental\/","og_locale":"pt_BR","og_type":"article","og_title":"Economia verde:\u202f4\u202fcarreiras\u202fvoltadas para a quest\u00e3o ambiental - Faculdade UniBRAS","og_description":"Novas profiss\u00f5es com foco em sustentabilidade\u202ft\u00eam alta demanda\u202fmotivada\u202fpor escassez de m\u00e3o de obra\u00a0 Com o planeta chegando ao limite\u202fe a mudan\u00e7a clim\u00e1tica cada vez mais agressiva,\u202f\u00e9 crescente\u202fa preocupa\u00e7\u00e3o das iniciativas p\u00fablica e privada\u202fem debaterem\u202festrat\u00e9gias\u202fde\u202fsustentabilidade\u202fe mitiga\u00e7\u00e3o de danos socioambientais. Nesse contexto\u202fsurge\u202fuma\u202fforte demanda por profissionais especialistas nessa transi\u00e7\u00e3o,\u202fum movimento que os\u202feconomistas\u202fapontam como\u202feconomia\u202fverde.\u00a0 Os\u202fprofissionais\u202fda nova\u202feconomia verde desempenhamfun\u00e7\u00f5es no [&hellip;]","og_url":"https:\/\/faculdadeunibras.com.br\/santaines\/economia-verde-4-carreiras-voltadas-para-a-questao-ambiental\/","og_site_name":"Faculdade UniBRAS","article_published_time":"2026-04-28T19:58:37+00:00","og_image":[{"width":2560,"height":1707,"url":"https:\/\/faculdadeunibras.com.br\/santaines\/wp-content\/uploads\/2026\/04\/front-view-coins-stacked-dirt-with-plants.opti_-scaled.webp","type":"image\/webp"}],"author":"leonardo","twitter_card":"summary_large_image","twitter_misc":{"Escrito por":"leonardo","Est. tempo de leitura":"8 minutos"},"schema":{"@context":"https:\/\/schema.org","@graph":[{"@type":"WebPage","@id":"https:\/\/faculdadeunibras.com.br\/santaines\/economia-verde-4-carreiras-voltadas-para-a-questao-ambiental\/","url":"https:\/\/faculdadeunibras.com.br\/santaines\/economia-verde-4-carreiras-voltadas-para-a-questao-ambiental\/","name":"Economia verde:\u202f4\u202fcarreiras\u202fvoltadas para a quest\u00e3o ambiental - Faculdade UniBRAS","isPartOf":{"@id":"https:\/\/faculdadeunibras.com.br\/santaines\/#website"},"primaryImageOfPage":{"@id":"https:\/\/faculdadeunibras.com.br\/santaines\/economia-verde-4-carreiras-voltadas-para-a-questao-ambiental\/#primaryimage"},"image":{"@id":"https:\/\/faculdadeunibras.com.br\/santaines\/economia-verde-4-carreiras-voltadas-para-a-questao-ambiental\/#primaryimage"},"thumbnailUrl":"https:\/\/faculdadeunibras.com.br\/santaines\/wp-content\/uploads\/2026\/04\/front-view-coins-stacked-dirt-with-plants.opti_-scaled.webp","datePublished":"2026-04-28T19:58:37+00:00","dateModified":"2026-04-28T19:58:37+00:00","author":{"@id":"https:\/\/faculdadeunibras.com.br\/santaines\/#\/schema\/person\/1feca593f357e1185212541affb00697"},"breadcrumb":{"@id":"https:\/\/faculdadeunibras.com.br\/santaines\/economia-verde-4-carreiras-voltadas-para-a-questao-ambiental\/#breadcrumb"},"inLanguage":"pt-BR","potentialAction":[{"@type":"ReadAction","target":["https:\/\/faculdadeunibras.com.br\/santaines\/economia-verde-4-carreiras-voltadas-para-a-questao-ambiental\/"]}]},{"@type":"ImageObject","inLanguage":"pt-BR","@id":"https:\/\/faculdadeunibras.com.br\/santaines\/economia-verde-4-carreiras-voltadas-para-a-questao-ambiental\/#primaryimage","url":"https:\/\/faculdadeunibras.com.br\/santaines\/wp-content\/uploads\/2026\/04\/front-view-coins-stacked-dirt-with-plants.opti_-scaled.webp","contentUrl":"https:\/\/faculdadeunibras.com.br\/santaines\/wp-content\/uploads\/2026\/04\/front-view-coins-stacked-dirt-with-plants.opti_-scaled.webp","width":2560,"height":1707},{"@type":"BreadcrumbList","@id":"https:\/\/faculdadeunibras.com.br\/santaines\/economia-verde-4-carreiras-voltadas-para-a-questao-ambiental\/#breadcrumb","itemListElement":[{"@type":"ListItem","position":1,"name":"In\u00edcio","item":"https:\/\/faculdadeunibras.com.br\/santaines\/"},{"@type":"ListItem","position":2,"name":"Economia verde:\u202f4\u202fcarreiras\u202fvoltadas para a quest\u00e3o ambiental"}]},{"@type":"WebSite","@id":"https:\/\/faculdadeunibras.com.br\/santaines\/#website","url":"https:\/\/faculdadeunibras.com.br\/santaines\/","name":"Faculdade UniBRAS","description":"Santa In\u00eas","potentialAction":[{"@type":"SearchAction","target":{"@type":"EntryPoint","urlTemplate":"https:\/\/faculdadeunibras.com.br\/santaines\/?s={search_term_string}"},"query-input":"required name=search_term_string"}],"inLanguage":"pt-BR"},{"@type":"Person","@id":"https:\/\/faculdadeunibras.com.br\/santaines\/#\/schema\/person\/1feca593f357e1185212541affb00697","name":"leonardo","image":{"@type":"ImageObject","inLanguage":"pt-BR","@id":"https:\/\/faculdadeunibras.com.br\/santaines\/#\/schema\/person\/image\/","url":"https:\/\/secure.gravatar.com\/avatar\/aa217932fdcfffdd56c7906d211783fc?s=96&d=mm&r=g","contentUrl":"https:\/\/secure.gravatar.com\/avatar\/aa217932fdcfffdd56c7906d211783fc?s=96&d=mm&r=g","caption":"leonardo"},"sameAs":["https:\/\/faculdadeunibras.com.br\/santaines"]}]}},"_links":{"self":[{"href":"https:\/\/faculdadeunibras.com.br\/santaines\/wp-json\/wp\/v2\/posts\/993331","targetHints":{"allow":["GET"]}}],"collection":[{"href":"https:\/\/faculdadeunibras.com.br\/santaines\/wp-json\/wp\/v2\/posts"}],"about":[{"href":"https:\/\/faculdadeunibras.com.br\/santaines\/wp-json\/wp\/v2\/types\/post"}],"author":[{"embeddable":true,"href":"https:\/\/faculdadeunibras.com.br\/santaines\/wp-json\/wp\/v2\/users\/1"}],"replies":[{"embeddable":true,"href":"https:\/\/faculdadeunibras.com.br\/santaines\/wp-json\/wp\/v2\/comments?post=993331"}],"version-history":[{"count":1,"href":"https:\/\/faculdadeunibras.com.br\/santaines\/wp-json\/wp\/v2\/posts\/993331\/revisions"}],"predecessor-version":[{"id":993333,"href":"https:\/\/faculdadeunibras.com.br\/santaines\/wp-json\/wp\/v2\/posts\/993331\/revisions\/993333"}],"wp:featuredmedia":[{"embeddable":true,"href":"https:\/\/faculdadeunibras.com.br\/santaines\/wp-json\/wp\/v2\/media\/993332"}],"wp:attachment":[{"href":"https:\/\/faculdadeunibras.com.br\/santaines\/wp-json\/wp\/v2\/media?parent=993331"}],"wp:term":[{"taxonomy":"category","embeddable":true,"href":"https:\/\/faculdadeunibras.com.br\/santaines\/wp-json\/wp\/v2\/categories?post=993331"},{"taxonomy":"post_tag","embeddable":true,"href":"https:\/\/faculdadeunibras.com.br\/santaines\/wp-json\/wp\/v2\/tags?post=993331"}],"curies":[{"name":"wp","href":"https:\/\/api.w.org\/{rel}","templated":true}]}}