{"id":993334,"date":"2026-04-30T10:08:32","date_gmt":"2026-04-30T13:08:32","guid":{"rendered":"https:\/\/faculdadeunibras.com.br\/santaines\/?p=993334"},"modified":"2026-04-30T10:08:32","modified_gmt":"2026-04-30T13:08:32","slug":"pesquisa-da-unibras-santa-ines-sobre-saude-mental-na-enfermagem-ganha-destaque-internacional","status":"publish","type":"post","link":"https:\/\/faculdadeunibras.com.br\/santaines\/pesquisa-da-unibras-santa-ines-sobre-saude-mental-na-enfermagem-ganha-destaque-internacional\/","title":{"rendered":"Pesquisa da UniBRAS Santa In\u00eas sobre Sa\u00fade Mental na Enfermagem ganha  destaque internacional"},"content":{"rendered":"<p><strong>A UniBRAS alcan\u00e7ou mais um marco importante na produ\u00e7\u00e3o cient\u00edfica global. <\/strong><\/p>\n<p>Docentes e pesquisadores da unidade de Santa In\u00eas (MA) publicaram o artigo \u201cIntervening factors in the development of psychological disorders among nursing students and professionals\u201d no renomado peri\u00f3dico International Journal of <strong>Advanced Psychiatric Nursing. <\/strong><\/p>\n<p>O estudo provoca reflex\u00f5es sobre uma realidade cr\u00edtica no setor da sa\u00fade: os gatilhos que levam ao desenvolvimento de transtornos psicol\u00f3gicos tanto em quem ainda est\u00e1 na gradua\u00e7\u00e3o quanto em profissionais que j\u00e1 atuam na linha de frente.<\/p>\n<p><strong>Os Vil\u00f5es da Sa\u00fade Mental <\/strong><\/p>\n<p>A pesquisa identificou um conjunto de fatores determinantes que impactam diretamente o bem-estar dos profissionais e estudantes de enfermagem. De acordo com o levantamento, os principais elementos de risco s\u00e3o:<\/p>\n<p>Sobrecarga: Press\u00e3o acad\u00eamica e excesso de trabalho.<\/p>\n<p>Rotina Extenuante: Jornadas prolongadas e exaust\u00e3o emocional.<\/p>\n<p>Barreiras Externas: Dificuldades financeiras e limita\u00e7\u00f5es estruturais nos ambientes de atua\u00e7\u00e3o.<\/p>\n<p>Esses componentes foram diretamente associados a diagn\u00f3sticos de ansiedade, depress\u00e3o, burnout e dist\u00farbios do sono, resultando em uma queda dr\u00e1stica na qualidade de vida desses indiv\u00edduos.<\/p>\n<p><strong>Caminhos para a Preven\u00e7\u00e3o <\/strong><\/p>\n<p>Para al\u00e9m do diagn\u00f3stico dos problemas, o artigo cient\u00edfico enfatiza a necessidade urgente de estrat\u00e9gias protetoras. Os pesquisadores defendem que a promo\u00e7\u00e3o da sa\u00fade mental deve ser uma abordagem integrada, envolvendo:<\/p>\n<p>&#8211; Desenvolvimento de resili\u00eancia individual;<\/p>\n<p>&#8211; Fortalecimento do suporte psicossocial;<\/p>\n<p>&#8211; Interven\u00e7\u00f5es institucionais diretas;<\/p>\n<p>&#8211; Cria\u00e7\u00e3o de ambientes acad\u00eamicos e profissionais mais saud\u00e1veis.<\/p>\n<p><strong>Compromisso com a Ci\u00eancia <\/strong><\/p>\n<p>O Coordenador de Pesquisa e Extens\u00e3o da UniBRAS, prof. Edvande Xavier, destaca que a publica\u00e7\u00e3o reafirma o papel da institui\u00e7\u00e3o na internacionaliza\u00e7\u00e3o do conhecimento<\/p>\n<p>\u201cEsta publica\u00e7\u00e3o refor\u00e7a o compromisso da UniBRAS com a produ\u00e7\u00e3o cient\u00edfica qualificada e o desenvolvimento de pesquisas com impacto direto na forma\u00e7\u00e3o profissional e na qualidade do cuidado em sa\u00fade\u201d, afirma.<\/p>\n<p>Com esta nova conquista, a UniBRAS consolida ainda mais sua inser\u00e7\u00e3o em debates de relev\u00e2ncia global, contribuindo para que a ci\u00eancia produzida no Maranh\u00e3o ajude a moldar melhores pr\u00e1ticas na sa\u00fade em todo o mundo.<\/p>\n<p>&nbsp;<\/p>\n","protected":false},"excerpt":{"rendered":"<p>A UniBRAS alcan\u00e7ou mais um marco importante na produ\u00e7\u00e3o cient\u00edfica global. Docentes e pesquisadores da unidade de Santa In\u00eas (MA) publicaram o artigo \u201cIntervening factors in the development of psychological disorders among nursing students and professionals\u201d no renomado peri\u00f3dico International Journal of Advanced Psychiatric Nursing. O estudo provoca reflex\u00f5es sobre uma realidade cr\u00edtica no setor [&hellip;]<\/p>\n","protected":false},"author":1,"featured_media":993335,"comment_status":"closed","ping_status":"closed","sticky":false,"template":"","format":"standard","meta":{"_et_pb_use_builder":"","_et_pb_old_content":"","_et_gb_content_width":"","footnotes":""},"categories":[42,72],"tags":[],"class_list":["post-993334","post","type-post","status-publish","format-standard","has-post-thumbnail","hentry","category-educacao","category-saude"],"yoast_head":"<!-- This site is optimized with the Yoast SEO plugin v23.2 - https:\/\/yoast.com\/wordpress\/plugins\/seo\/ -->\n<title>Pesquisa da UniBRAS Santa In\u00eas sobre Sa\u00fade Mental na Enfermagem ganha destaque internacional - Faculdade UniBRAS<\/title>\n<meta name=\"robots\" content=\"index, follow, max-snippet:-1, max-image-preview:large, max-video-preview:-1\" \/>\n<link rel=\"canonical\" href=\"https:\/\/faculdadeunibras.com.br\/santaines\/pesquisa-da-unibras-santa-ines-sobre-saude-mental-na-enfermagem-ganha-destaque-internacional\/\" \/>\n<meta property=\"og:locale\" content=\"pt_BR\" \/>\n<meta property=\"og:type\" content=\"article\" \/>\n<meta property=\"og:title\" content=\"Pesquisa da UniBRAS Santa In\u00eas sobre Sa\u00fade Mental na Enfermagem ganha destaque internacional - Faculdade UniBRAS\" \/>\n<meta property=\"og:description\" content=\"A UniBRAS alcan\u00e7ou mais um marco importante na produ\u00e7\u00e3o cient\u00edfica global. Docentes e pesquisadores da unidade de Santa In\u00eas (MA) publicaram o artigo \u201cIntervening factors in the development of psychological disorders among nursing students and professionals\u201d no renomado peri\u00f3dico International Journal of Advanced Psychiatric Nursing. O estudo provoca reflex\u00f5es sobre uma realidade cr\u00edtica no setor [&hellip;]\" \/>\n<meta property=\"og:url\" content=\"https:\/\/faculdadeunibras.com.br\/santaines\/pesquisa-da-unibras-santa-ines-sobre-saude-mental-na-enfermagem-ganha-destaque-internacional\/\" \/>\n<meta property=\"og:site_name\" content=\"Faculdade UniBRAS\" \/>\n<meta property=\"article:published_time\" content=\"2026-04-30T13:08:32+00:00\" \/>\n<meta property=\"og:image\" content=\"https:\/\/faculdadeunibras.com.br\/santaines\/wp-content\/uploads\/2026\/04\/tmp_a4e56dfb-52b3-443c-864f-11e4fc35a0d3.jpeg\" \/>\n\t<meta property=\"og:image:width\" content=\"1000\" \/>\n\t<meta property=\"og:image:height\" content=\"667\" \/>\n\t<meta property=\"og:image:type\" content=\"image\/jpeg\" \/>\n<meta name=\"author\" content=\"leonardo\" \/>\n<meta name=\"twitter:card\" content=\"summary_large_image\" \/>\n<meta name=\"twitter:label1\" content=\"Escrito por\" \/>\n\t<meta name=\"twitter:data1\" content=\"leonardo\" \/>\n\t<meta name=\"twitter:label2\" content=\"Est. tempo de leitura\" \/>\n\t<meta name=\"twitter:data2\" content=\"2 minutos\" \/>\n<script type=\"application\/ld+json\" class=\"yoast-schema-graph\">{\"@context\":\"https:\/\/schema.org\",\"@graph\":[{\"@type\":\"WebPage\",\"@id\":\"https:\/\/faculdadeunibras.com.br\/santaines\/pesquisa-da-unibras-santa-ines-sobre-saude-mental-na-enfermagem-ganha-destaque-internacional\/\",\"url\":\"https:\/\/faculdadeunibras.com.br\/santaines\/pesquisa-da-unibras-santa-ines-sobre-saude-mental-na-enfermagem-ganha-destaque-internacional\/\",\"name\":\"Pesquisa da UniBRAS Santa In\u00eas sobre Sa\u00fade Mental na Enfermagem ganha destaque internacional - Faculdade UniBRAS\",\"isPartOf\":{\"@id\":\"https:\/\/faculdadeunibras.com.br\/santaines\/#website\"},\"primaryImageOfPage\":{\"@id\":\"https:\/\/faculdadeunibras.com.br\/santaines\/pesquisa-da-unibras-santa-ines-sobre-saude-mental-na-enfermagem-ganha-destaque-internacional\/#primaryimage\"},\"image\":{\"@id\":\"https:\/\/faculdadeunibras.com.br\/santaines\/pesquisa-da-unibras-santa-ines-sobre-saude-mental-na-enfermagem-ganha-destaque-internacional\/#primaryimage\"},\"thumbnailUrl\":\"https:\/\/faculdadeunibras.com.br\/santaines\/wp-content\/uploads\/2026\/04\/tmp_a4e56dfb-52b3-443c-864f-11e4fc35a0d3.jpeg\",\"datePublished\":\"2026-04-30T13:08:32+00:00\",\"dateModified\":\"2026-04-30T13:08:32+00:00\",\"author\":{\"@id\":\"https:\/\/faculdadeunibras.com.br\/santaines\/#\/schema\/person\/1feca593f357e1185212541affb00697\"},\"breadcrumb\":{\"@id\":\"https:\/\/faculdadeunibras.com.br\/santaines\/pesquisa-da-unibras-santa-ines-sobre-saude-mental-na-enfermagem-ganha-destaque-internacional\/#breadcrumb\"},\"inLanguage\":\"pt-BR\",\"potentialAction\":[{\"@type\":\"ReadAction\",\"target\":[\"https:\/\/faculdadeunibras.com.br\/santaines\/pesquisa-da-unibras-santa-ines-sobre-saude-mental-na-enfermagem-ganha-destaque-internacional\/\"]}]},{\"@type\":\"ImageObject\",\"inLanguage\":\"pt-BR\",\"@id\":\"https:\/\/faculdadeunibras.com.br\/santaines\/pesquisa-da-unibras-santa-ines-sobre-saude-mental-na-enfermagem-ganha-destaque-internacional\/#primaryimage\",\"url\":\"https:\/\/faculdadeunibras.com.br\/santaines\/wp-content\/uploads\/2026\/04\/tmp_a4e56dfb-52b3-443c-864f-11e4fc35a0d3.jpeg\",\"contentUrl\":\"https:\/\/faculdadeunibras.com.br\/santaines\/wp-content\/uploads\/2026\/04\/tmp_a4e56dfb-52b3-443c-864f-11e4fc35a0d3.jpeg\",\"width\":1000,\"height\":667},{\"@type\":\"BreadcrumbList\",\"@id\":\"https:\/\/faculdadeunibras.com.br\/santaines\/pesquisa-da-unibras-santa-ines-sobre-saude-mental-na-enfermagem-ganha-destaque-internacional\/#breadcrumb\",\"itemListElement\":[{\"@type\":\"ListItem\",\"position\":1,\"name\":\"In\u00edcio\",\"item\":\"https:\/\/faculdadeunibras.com.br\/santaines\/\"},{\"@type\":\"ListItem\",\"position\":2,\"name\":\"Pesquisa da UniBRAS Santa In\u00eas sobre Sa\u00fade Mental na Enfermagem ganha destaque internacional\"}]},{\"@type\":\"WebSite\",\"@id\":\"https:\/\/faculdadeunibras.com.br\/santaines\/#website\",\"url\":\"https:\/\/faculdadeunibras.com.br\/santaines\/\",\"name\":\"Faculdade UniBRAS\",\"description\":\"Santa In\u00eas\",\"potentialAction\":[{\"@type\":\"SearchAction\",\"target\":{\"@type\":\"EntryPoint\",\"urlTemplate\":\"https:\/\/faculdadeunibras.com.br\/santaines\/?s={search_term_string}\"},\"query-input\":\"required name=search_term_string\"}],\"inLanguage\":\"pt-BR\"},{\"@type\":\"Person\",\"@id\":\"https:\/\/faculdadeunibras.com.br\/santaines\/#\/schema\/person\/1feca593f357e1185212541affb00697\",\"name\":\"leonardo\",\"image\":{\"@type\":\"ImageObject\",\"inLanguage\":\"pt-BR\",\"@id\":\"https:\/\/faculdadeunibras.com.br\/santaines\/#\/schema\/person\/image\/\",\"url\":\"https:\/\/secure.gravatar.com\/avatar\/aa217932fdcfffdd56c7906d211783fc?s=96&d=mm&r=g\",\"contentUrl\":\"https:\/\/secure.gravatar.com\/avatar\/aa217932fdcfffdd56c7906d211783fc?s=96&d=mm&r=g\",\"caption\":\"leonardo\"},\"sameAs\":[\"https:\/\/faculdadeunibras.com.br\/santaines\"]}]}<\/script>\n<!-- \/ Yoast SEO plugin. -->","yoast_head_json":{"title":"Pesquisa da UniBRAS Santa In\u00eas sobre Sa\u00fade Mental na Enfermagem ganha destaque internacional - Faculdade UniBRAS","robots":{"index":"index","follow":"follow","max-snippet":"max-snippet:-1","max-image-preview":"max-image-preview:large","max-video-preview":"max-video-preview:-1"},"canonical":"https:\/\/faculdadeunibras.com.br\/santaines\/pesquisa-da-unibras-santa-ines-sobre-saude-mental-na-enfermagem-ganha-destaque-internacional\/","og_locale":"pt_BR","og_type":"article","og_title":"Pesquisa da UniBRAS Santa In\u00eas sobre Sa\u00fade Mental na Enfermagem ganha destaque internacional - Faculdade UniBRAS","og_description":"A UniBRAS alcan\u00e7ou mais um marco importante na produ\u00e7\u00e3o cient\u00edfica global. Docentes e pesquisadores da unidade de Santa In\u00eas (MA) publicaram o artigo \u201cIntervening factors in the development of psychological disorders among nursing students and professionals\u201d no renomado peri\u00f3dico International Journal of Advanced Psychiatric Nursing. O estudo provoca reflex\u00f5es sobre uma realidade cr\u00edtica no setor [&hellip;]","og_url":"https:\/\/faculdadeunibras.com.br\/santaines\/pesquisa-da-unibras-santa-ines-sobre-saude-mental-na-enfermagem-ganha-destaque-internacional\/","og_site_name":"Faculdade UniBRAS","article_published_time":"2026-04-30T13:08:32+00:00","og_image":[{"width":1000,"height":667,"url":"https:\/\/faculdadeunibras.com.br\/santaines\/wp-content\/uploads\/2026\/04\/tmp_a4e56dfb-52b3-443c-864f-11e4fc35a0d3.jpeg","type":"image\/jpeg"}],"author":"leonardo","twitter_card":"summary_large_image","twitter_misc":{"Escrito por":"leonardo","Est. tempo de leitura":"2 minutos"},"schema":{"@context":"https:\/\/schema.org","@graph":[{"@type":"WebPage","@id":"https:\/\/faculdadeunibras.com.br\/santaines\/pesquisa-da-unibras-santa-ines-sobre-saude-mental-na-enfermagem-ganha-destaque-internacional\/","url":"https:\/\/faculdadeunibras.com.br\/santaines\/pesquisa-da-unibras-santa-ines-sobre-saude-mental-na-enfermagem-ganha-destaque-internacional\/","name":"Pesquisa da UniBRAS Santa In\u00eas sobre Sa\u00fade Mental na Enfermagem ganha destaque internacional - Faculdade UniBRAS","isPartOf":{"@id":"https:\/\/faculdadeunibras.com.br\/santaines\/#website"},"primaryImageOfPage":{"@id":"https:\/\/faculdadeunibras.com.br\/santaines\/pesquisa-da-unibras-santa-ines-sobre-saude-mental-na-enfermagem-ganha-destaque-internacional\/#primaryimage"},"image":{"@id":"https:\/\/faculdadeunibras.com.br\/santaines\/pesquisa-da-unibras-santa-ines-sobre-saude-mental-na-enfermagem-ganha-destaque-internacional\/#primaryimage"},"thumbnailUrl":"https:\/\/faculdadeunibras.com.br\/santaines\/wp-content\/uploads\/2026\/04\/tmp_a4e56dfb-52b3-443c-864f-11e4fc35a0d3.jpeg","datePublished":"2026-04-30T13:08:32+00:00","dateModified":"2026-04-30T13:08:32+00:00","author":{"@id":"https:\/\/faculdadeunibras.com.br\/santaines\/#\/schema\/person\/1feca593f357e1185212541affb00697"},"breadcrumb":{"@id":"https:\/\/faculdadeunibras.com.br\/santaines\/pesquisa-da-unibras-santa-ines-sobre-saude-mental-na-enfermagem-ganha-destaque-internacional\/#breadcrumb"},"inLanguage":"pt-BR","potentialAction":[{"@type":"ReadAction","target":["https:\/\/faculdadeunibras.com.br\/santaines\/pesquisa-da-unibras-santa-ines-sobre-saude-mental-na-enfermagem-ganha-destaque-internacional\/"]}]},{"@type":"ImageObject","inLanguage":"pt-BR","@id":"https:\/\/faculdadeunibras.com.br\/santaines\/pesquisa-da-unibras-santa-ines-sobre-saude-mental-na-enfermagem-ganha-destaque-internacional\/#primaryimage","url":"https:\/\/faculdadeunibras.com.br\/santaines\/wp-content\/uploads\/2026\/04\/tmp_a4e56dfb-52b3-443c-864f-11e4fc35a0d3.jpeg","contentUrl":"https:\/\/faculdadeunibras.com.br\/santaines\/wp-content\/uploads\/2026\/04\/tmp_a4e56dfb-52b3-443c-864f-11e4fc35a0d3.jpeg","width":1000,"height":667},{"@type":"BreadcrumbList","@id":"https:\/\/faculdadeunibras.com.br\/santaines\/pesquisa-da-unibras-santa-ines-sobre-saude-mental-na-enfermagem-ganha-destaque-internacional\/#breadcrumb","itemListElement":[{"@type":"ListItem","position":1,"name":"In\u00edcio","item":"https:\/\/faculdadeunibras.com.br\/santaines\/"},{"@type":"ListItem","position":2,"name":"Pesquisa da UniBRAS Santa In\u00eas sobre Sa\u00fade Mental na Enfermagem ganha destaque internacional"}]},{"@type":"WebSite","@id":"https:\/\/faculdadeunibras.com.br\/santaines\/#website","url":"https:\/\/faculdadeunibras.com.br\/santaines\/","name":"Faculdade UniBRAS","description":"Santa In\u00eas","potentialAction":[{"@type":"SearchAction","target":{"@type":"EntryPoint","urlTemplate":"https:\/\/faculdadeunibras.com.br\/santaines\/?s={search_term_string}"},"query-input":"required name=search_term_string"}],"inLanguage":"pt-BR"},{"@type":"Person","@id":"https:\/\/faculdadeunibras.com.br\/santaines\/#\/schema\/person\/1feca593f357e1185212541affb00697","name":"leonardo","image":{"@type":"ImageObject","inLanguage":"pt-BR","@id":"https:\/\/faculdadeunibras.com.br\/santaines\/#\/schema\/person\/image\/","url":"https:\/\/secure.gravatar.com\/avatar\/aa217932fdcfffdd56c7906d211783fc?s=96&d=mm&r=g","contentUrl":"https:\/\/secure.gravatar.com\/avatar\/aa217932fdcfffdd56c7906d211783fc?s=96&d=mm&r=g","caption":"leonardo"},"sameAs":["https:\/\/faculdadeunibras.com.br\/santaines"]}]}},"_links":{"self":[{"href":"https:\/\/faculdadeunibras.com.br\/santaines\/wp-json\/wp\/v2\/posts\/993334","targetHints":{"allow":["GET"]}}],"collection":[{"href":"https:\/\/faculdadeunibras.com.br\/santaines\/wp-json\/wp\/v2\/posts"}],"about":[{"href":"https:\/\/faculdadeunibras.com.br\/santaines\/wp-json\/wp\/v2\/types\/post"}],"author":[{"embeddable":true,"href":"https:\/\/faculdadeunibras.com.br\/santaines\/wp-json\/wp\/v2\/users\/1"}],"replies":[{"embeddable":true,"href":"https:\/\/faculdadeunibras.com.br\/santaines\/wp-json\/wp\/v2\/comments?post=993334"}],"version-history":[{"count":1,"href":"https:\/\/faculdadeunibras.com.br\/santaines\/wp-json\/wp\/v2\/posts\/993334\/revisions"}],"predecessor-version":[{"id":993336,"href":"https:\/\/faculdadeunibras.com.br\/santaines\/wp-json\/wp\/v2\/posts\/993334\/revisions\/993336"}],"wp:featuredmedia":[{"embeddable":true,"href":"https:\/\/faculdadeunibras.com.br\/santaines\/wp-json\/wp\/v2\/media\/993335"}],"wp:attachment":[{"href":"https:\/\/faculdadeunibras.com.br\/santaines\/wp-json\/wp\/v2\/media?parent=993334"}],"wp:term":[{"taxonomy":"category","embeddable":true,"href":"https:\/\/faculdadeunibras.com.br\/santaines\/wp-json\/wp\/v2\/categories?post=993334"},{"taxonomy":"post_tag","embeddable":true,"href":"https:\/\/faculdadeunibras.com.br\/santaines\/wp-json\/wp\/v2\/tags?post=993334"}],"curies":[{"name":"wp","href":"https:\/\/api.w.org\/{rel}","templated":true}]}}